{"id":3374,"date":"2021-10-07T16:15:31","date_gmt":"2021-10-07T16:15:31","guid":{"rendered":"https:\/\/fincalista.com\/blog\/\/?p=3374"},"modified":"2026-07-30T12:36:08","modified_gmt":"2026-07-30T11:36:08","slug":"como-tributa-arrendamiento-rustico","status":"publish","type":"post","link":"https:\/\/fincalista.com\/blog\/como-tributa-arrendamiento-rustico\/","title":{"rendered":"C\u00f3mo tributa el arrendamiento de una finca r\u00fastica: IVA, IRPF e ITP"},"content":{"rendered":"\n<h3 class=\"wp-block-heading\">Actualizada en julio de 2026<\/h3>\n\n\n\n<p>Arrendar una finca permite al propietario obtener una renta sin desprenderse del activo y ofrece al agricultor o ganadero acceso a tierra sin asumir el coste de una compraventa. Sin embargo, la operaci\u00f3n no tiene un \u00fanico efecto fiscal. Por ello es importante saber c\u00f3mo tributa un arrendamiento r\u00fastico.<\/p>\n\n\n\n<p>El propietario deber\u00e1 declarar los ingresos recibidos. El alquiler destinado al aprovechamiento agr\u00edcola, ganadero o forestal suele estar exento de IVA. Al mismo tiempo, el arrendatario puede tener que liquidar el Impuesto sobre Transmisiones Patrimoniales.<\/p>\n\n\n\n<p>La respuesta cambia cuando el contrato no se limita al terreno y comprende una explotaci\u00f3n organizada, maquinaria, ganado, existencias, sistemas de riego u otros elementos productivos. Tambi\u00e9n puede cambiar si la finca se destina al almacenamiento, a una instalaci\u00f3n energ\u00e9tica o a cualquier uso diferente del aprovechamiento agrario.<\/p>\n\n\n\n<p>Por eso, antes de decidir qu\u00e9 impuesto se aplica, hay que responder a una pregunta m\u00e1s b\u00e1sica: <strong>\u00bfqu\u00e9 se est\u00e1 arrendando realmente?<\/strong><\/p>\n\n\n\n<figure class=\"wp-block-image size-large\"><a href=\"https:\/\/fincalista.com\/blog\/\/\" target=\"_blank\" rel=\"noopener\"><img fetchpriority=\"high\" decoding=\"async\" width=\"1024\" height=\"1024\" src=\"https:\/\/fincalista.com\/blog\/\/wp-content\/uploads\/2021\/10\/como-tributa-una-finca-rustica-1024x1024.png\" alt=\"\" class=\"wp-image-3379\" srcset=\"https:\/\/fincalista.com\/blog\/wp-content\/uploads\/2021\/10\/como-tributa-una-finca-rustica-1024x1024.png 1024w, https:\/\/fincalista.com\/blog\/wp-content\/uploads\/2021\/10\/como-tributa-una-finca-rustica-300x300.png 300w, https:\/\/fincalista.com\/blog\/wp-content\/uploads\/2021\/10\/como-tributa-una-finca-rustica-150x150.png 150w, https:\/\/fincalista.com\/blog\/wp-content\/uploads\/2021\/10\/como-tributa-una-finca-rustica-768x768.png 768w, https:\/\/fincalista.com\/blog\/wp-content\/uploads\/2021\/10\/como-tributa-una-finca-rustica.png 1080w\" sizes=\"(max-width: 1024px) 100vw, 1024px\" \/><\/a><\/figure>\n\n\n\n<h2 class=\"wp-block-heading\">Qu\u00e9 se considera un arrendamiento r\u00fastico<\/h2>\n\n\n\n<p>La norma principal es la <a href=\"https:\/\/www.boe.es\/buscar\/act.php?id=BOE-A-2003-21616&amp;utm_source=chatgpt.com\">Ley 49\/2003, de 26 de noviembre, de Arrendamientos R\u00fasticos<\/a>, modificada, entre otras normas, por la Ley 26\/2005.<\/p>\n\n\n\n<p>Su art\u00edculo 1 considera arrendamiento r\u00fastico el contrato mediante el que se cede temporalmente una finca, una parte de ella o varias fincas para su aprovechamiento agr\u00edcola, ganadero o forestal a cambio de un precio o renta. La misma ley incluye los arrendamientos de explotaciones completas, aunque los diferencia de la simple cesi\u00f3n del terreno.<\/p>\n\n\n\n<p>No todo alquiler de un terreno situado en el campo queda sometido a esta ley. Se excluyen, entre otros, determinados aprovechamientos secundarios, los contratos de temporada inferiores al a\u00f1o agr\u00edcola, la caza como objeto principal, la ganader\u00eda industrial independiente del suelo y las actividades distintas de la agricultura, la ganader\u00eda o el aprovechamiento forestal.<\/p>\n\n\n\n<p>Por ejemplo, alquilar una parcela para sembrar cereal puede ser un arrendamiento r\u00fastico. Ceder el mismo terreno exclusivamente para almacenar materiales, instalar una planta energ\u00e9tica o colocar soportes publicitarios exige un an\u00e1lisis contractual y fiscal diferente.<\/p>\n\n\n\n<h2 class=\"wp-block-heading\">La finca arrendada y la explotaci\u00f3n completa no son lo mismo<\/h2>\n\n\n\n<p>En el arrendamiento de finca, el objeto principal suele ser el terreno y, en su caso, las construcciones agrarias vinculadas a su aprovechamiento.<\/p>\n\n\n\n<p>En el arrendamiento de explotaci\u00f3n se cede una unidad econ\u00f3mica organizada. Puede incluir parcelas, instalaciones, maquinaria, sistemas de riego, ganado, existencias, contratos, derechos de producci\u00f3n u otros elementos necesarios para continuar la actividad.<\/p>\n\n\n\n<p>La Ley 49\/2003 exige que las partes indiquen expresamente que se est\u00e1 arrendando una explotaci\u00f3n y que incorporen un inventario de sus componentes y de su estado de conservaci\u00f3n.<\/p>\n\n\n\n<p>La diferencia no es \u00fanicamente formal. Puede modificar la calificaci\u00f3n de los ingresos en el IRPF y el tratamiento en el IVA. Un contrato no se convierte en arrendamiento de explotaci\u00f3n solo porque utilice esa expresi\u00f3n: su contenido debe mostrar que se cede una organizaci\u00f3n capaz de desarrollar la actividad.<\/p>\n\n\n\n<figure class=\"wp-block-image size-large\"><a href=\"https:\/\/fincalista.com\/blog\/\/\" target=\"_blank\" rel=\"noopener\"><img decoding=\"async\" width=\"1024\" height=\"320\" src=\"https:\/\/fincalista.com\/blog\/\/wp-content\/uploads\/2021\/04\/Banner-1-1-1024x320.jpg\" alt=\"\" class=\"wp-image-1560\" srcset=\"https:\/\/fincalista.com\/blog\/wp-content\/uploads\/2021\/04\/Banner-1-1-1024x320.jpg 1024w, https:\/\/fincalista.com\/blog\/wp-content\/uploads\/2021\/04\/Banner-1-1-300x94.jpg 300w, https:\/\/fincalista.com\/blog\/wp-content\/uploads\/2021\/04\/Banner-1-1-768x240.jpg 768w, https:\/\/fincalista.com\/blog\/wp-content\/uploads\/2021\/04\/Banner-1-1.jpg 1152w\" sizes=\"(max-width: 1024px) 100vw, 1024px\" \/><\/a><\/figure>\n\n\n\n<h2 class=\"wp-block-heading\">El contrato debe constar por escrito<\/h2>\n\n\n\n<p>La Ley de Arrendamientos R\u00fasticos establece que el contrato debe formalizarse por escrito. Cualquiera de las partes puede exigir posteriormente su elevaci\u00f3n a documento p\u00fablico y la elaboraci\u00f3n de un inventario de los bienes entregados.<\/p>\n\n\n\n<p>Un contrato bien redactado deber\u00eda identificar, al menos:<\/p>\n\n\n\n<ul>\n<li>Las parcelas, referencias catastrales y superficies arrendadas.<\/li>\n\n\n\n<li>El aprovechamiento autorizado.<\/li>\n\n\n\n<li>La duraci\u00f3n y la fecha de inicio.<\/li>\n\n\n\n<li>La renta, la forma de pago y su posible actualizaci\u00f3n.<\/li>\n\n\n\n<li>Las construcciones, instalaciones, maquinaria y otros elementos incluidos.<\/li>\n\n\n\n<li>La situaci\u00f3n de los derechos de agua y de las ayudas de la PAC.<\/li>\n\n\n\n<li>El reparto de los gastos, reparaciones y mejoras.<\/li>\n\n\n\n<li>Las condiciones de cesi\u00f3n, subarriendo, desistimiento y finalizaci\u00f3n.<\/li>\n<\/ul>\n\n\n\n<p>Tambi\u00e9n conviene incorporar planos, fotograf\u00edas e inventarios cuando existan instalaciones o cultivos permanentes. Estas pruebas ayudan a determinar en qu\u00e9 estado se recibi\u00f3 la finca y c\u00f3mo debe devolverse al terminar el contrato.<\/p>\n\n\n\n<p>Para comprobar la descripci\u00f3n de la parcela pueden utilizarse nuestras gu\u00edas sobre <a href=\"https:\/\/fincalista.com\/blog\/como-localizar-un-terreno-en-un-catastro\/?utm_source=chatgpt.com\">c\u00f3mo localizar un terreno en el Catastro<\/a> y <a href=\"https:\/\/fincalista.com\/blog\/como-ver-el-catastro-en-google-earth\/?utm_source=chatgpt.com\">c\u00f3mo visualizar el Catastro en Google Earth<\/a>.<\/p>\n\n\n\n<h2 class=\"wp-block-heading\">Cu\u00e1nto debe durar el arrendamiento<\/h2>\n\n\n\n<p>La duraci\u00f3n m\u00ednima legal es de cinco a\u00f1os. Si las partes pactan un periodo inferior, esa cl\u00e1usula se tiene por no puesta.<\/p>\n\n\n\n<p>Para recuperar la finca al finalizar el contrato, el propietario debe comunicarlo de forma fehaciente al arrendatario con un a\u00f1o de antelaci\u00f3n. Si no lo hace y el arrendatario contin\u00faa en la posesi\u00f3n, el contrato puede prorrogarse por otro periodo de cinco a\u00f1os. Las pr\u00f3rrogas pueden repetirse mientras no se denuncie el contrato en la forma exigida.<\/p>\n\n\n\n<p>El arrendador no deber\u00eda limitarse a confiar en que la fecha escrita en el contrato producir\u00e1 autom\u00e1ticamente la entrega de la finca. El preaviso debe quedar documentado mediante un medio que permita acreditar su recepci\u00f3n y contenido.<\/p>\n\n\n\n<figure class=\"wp-block-image size-large\"><a href=\"https:\/\/fincalista.com\/blog\/\/\" target=\"_blank\" rel=\"noopener\"><img decoding=\"async\" width=\"1024\" height=\"320\" src=\"https:\/\/fincalista.com\/blog\/\/wp-content\/uploads\/2021\/04\/Banner-2-1024x320.jpg\" alt=\"\" class=\"wp-image-1420\" srcset=\"https:\/\/fincalista.com\/blog\/wp-content\/uploads\/2021\/04\/Banner-2-1024x320.jpg 1024w, https:\/\/fincalista.com\/blog\/wp-content\/uploads\/2021\/04\/Banner-2-300x94.jpg 300w, https:\/\/fincalista.com\/blog\/wp-content\/uploads\/2021\/04\/Banner-2-768x240.jpg 768w, https:\/\/fincalista.com\/blog\/wp-content\/uploads\/2021\/04\/Banner-2.jpg 1152w\" sizes=\"(max-width: 1024px) 100vw, 1024px\" \/><\/a><\/figure>\n\n\n\n<h2 class=\"wp-block-heading\">C\u00f3mo se fija y actualiza la renta<\/h2>\n\n\n\n<p>Las partes pueden acordar libremente la renta, que debe expresarse en dinero. Tambi\u00e9n pueden pactar que una parte se satisfaga en especie, pero deber\u00e1n convertirla a una cantidad monetaria.<\/p>\n\n\n\n<p>La renta no se actualiza autom\u00e1ticamente. Si el contrato no contiene un pacto de revisi\u00f3n, continuar\u00e1 aplic\u00e1ndose la cantidad acordada. Cuando se haya pactado la revisi\u00f3n sin indicar un \u00edndice o metodolog\u00eda concreta, la ley remite al \u00cdndice de Garant\u00eda de Competitividad.<\/p>\n\n\n\n<p>Esta cl\u00e1usula merece atenci\u00f3n en contratos de cinco o m\u00e1s a\u00f1os. El precio debe permitir estabilidad al arrendatario, pero tambi\u00e9n contemplar el riesgo de que los costes, la productividad o el mercado cambien durante la vigencia del acuerdo.<\/p>\n\n\n\n<h2 class=\"wp-block-heading\">\u00bfEl alquiler de una finca r\u00fastica lleva IVA?<\/h2>\n\n\n\n<p>El alquiler de una finca para su aprovechamiento agr\u00edcola, ganadero o forestal est\u00e1, con car\u00e1cter general, <strong>sujeto pero exento de IVA<\/strong>.<\/p>\n\n\n\n<p>Esto significa que el arrendamiento entra dentro del \u00e1mbito del impuesto porque el arrendador de bienes tiene la consideraci\u00f3n de empresario o profesional a efectos del IVA, pero la exenci\u00f3n impide que se repercuta la cuota en la renta.<\/p>\n\n\n\n<p>El art\u00edculo 20.Uno.23.\u00ba de la <a href=\"https:\/\/www.boe.es\/buscar\/act.php?id=BOE-A-1992-28740&amp;utm_source=chatgpt.com\">Ley 37\/1992, de 28 de diciembre, del Impuesto sobre el Valor A\u00f1adido<\/a> declara exentos los arrendamientos de terrenos y de las construcciones inmobiliarias de car\u00e1cter agrario utilizadas para explotar una finca r\u00fastica.<\/p>\n\n\n\n<p>Un contrato que incluya una parcela de cultivo, un almac\u00e9n agr\u00edcola y una nave necesaria para guardar la maquinaria puede, por tanto, quedar dentro de la exenci\u00f3n cuando todos los elementos est\u00e9n vinculados al aprovechamiento de la finca.<\/p>\n\n\n\n<p>La exenci\u00f3n no depende de que el propietario arriende una sola finca o lo haga de manera habitual. Lo decisivo es el objeto real del contrato y el uso al que se destina.<\/p>\n\n\n\n<h2 class=\"wp-block-heading\">Cu\u00e1ndo puede dejar de estar exento<\/h2>\n\n\n\n<p>La Ley del IVA excluye de la exenci\u00f3n varios supuestos. Entre ellos se encuentran los terrenos destinados al estacionamiento de veh\u00edculos, el dep\u00f3sito o almacenamiento de productos, la instalaci\u00f3n de elementos de una actividad empresarial, las exposiciones o la publicidad. Tambi\u00e9n se except\u00faan determinadas construcciones dedicadas a ganader\u00eda independiente de la explotaci\u00f3n del suelo.<\/p>\n\n\n\n<p>Adem\u00e1s, cuando se arrienda una explotaci\u00f3n completa con maquinaria, instalaciones, existencias y medios organizados, puede dejar de tratarse fiscalmente como una simple cesi\u00f3n inmobiliaria. La operaci\u00f3n puede ser considerada arrendamiento de negocio y quedar sujeta y no exenta de IVA.<\/p>\n\n\n\n<p>La denominaci\u00f3n que figure en el encabezado no resuelve la cuesti\u00f3n. Debe revisarse qu\u00e9 elementos se entregan, qui\u00e9n organiza la actividad y si el arrendatario recibe una estructura productiva capaz de funcionar por sus propios medios.<\/p>\n\n\n\n<p>Lo mismo ocurre cuando el terreno se cede para una actividad no agraria. El hecho de que la parcela sea catastralmente r\u00fastica no convierte cualquier alquiler en arrendamiento agrario exento.<\/p>\n\n\n\n<figure class=\"wp-block-image size-large\"><a href=\"https:\/\/fincalista.com\/blog\/\/\" target=\"_blank\" rel=\"noopener\"><img loading=\"lazy\" decoding=\"async\" width=\"1024\" height=\"1024\" src=\"https:\/\/fincalista.com\/blog\/\/wp-content\/uploads\/2021\/10\/arrendar-finca-1024x1024.png\" alt=\"\" class=\"wp-image-3381\" srcset=\"https:\/\/fincalista.com\/blog\/wp-content\/uploads\/2021\/10\/arrendar-finca-1024x1024.png 1024w, https:\/\/fincalista.com\/blog\/wp-content\/uploads\/2021\/10\/arrendar-finca-300x300.png 300w, https:\/\/fincalista.com\/blog\/wp-content\/uploads\/2021\/10\/arrendar-finca-150x150.png 150w, https:\/\/fincalista.com\/blog\/wp-content\/uploads\/2021\/10\/arrendar-finca-768x768.png 768w, https:\/\/fincalista.com\/blog\/wp-content\/uploads\/2021\/10\/arrendar-finca.png 1080w\" sizes=\"(max-width: 1024px) 100vw, 1024px\" \/><\/a><\/figure>\n\n\n\n<h2 class=\"wp-block-heading\">C\u00f3mo se fija y actualiza la renta<\/h2>\n\n\n\n<p>Las partes pueden acordar libremente la renta, que debe expresarse en dinero. Tambi\u00e9n pueden pactar que una parte se satisfaga en especie, pero deber\u00e1n convertirla a una cantidad monetaria.<\/p>\n\n\n\n<p>La renta no se actualiza autom\u00e1ticamente. Si el contrato no contiene un pacto de revisi\u00f3n, continuar\u00e1 aplic\u00e1ndose la cantidad acordada. Cuando se haya pactado la revisi\u00f3n sin indicar un \u00edndice o metodolog\u00eda concreta, la ley remite al \u00cdndice de Garant\u00eda de Competitividad.<\/p>\n\n\n\n<p>Esta cl\u00e1usula merece atenci\u00f3n en contratos de cinco o m\u00e1s a\u00f1os. El precio debe permitir estabilidad al arrendatario, pero tambi\u00e9n contemplar el riesgo de que los costes, la productividad o el mercado cambien durante la vigencia del acuerdo.<\/p>\n\n\n\n<h2 class=\"wp-block-heading\">\u00bfEl alquiler de una finca r\u00fastica lleva IVA?<\/h2>\n\n\n\n<p>El alquiler de una finca para su aprovechamiento agr\u00edcola, ganadero o forestal est\u00e1, con car\u00e1cter general, <strong>sujeto pero exento de IVA<\/strong>.<\/p>\n\n\n\n<p>Esto significa que el arrendamiento entra dentro del \u00e1mbito del impuesto porque el arrendador de bienes tiene la consideraci\u00f3n de empresario o profesional a efectos del IVA, pero la exenci\u00f3n impide que se repercuta la cuota en la renta.<\/p>\n\n\n\n<p>El art\u00edculo 20.Uno.23.\u00ba de la <a href=\"https:\/\/www.boe.es\/buscar\/act.php?id=BOE-A-1992-28740&amp;utm_source=chatgpt.com\">Ley 37\/1992, de 28 de diciembre, del Impuesto sobre el Valor A\u00f1adido<\/a> declara exentos los arrendamientos de terrenos y de las construcciones inmobiliarias de car\u00e1cter agrario utilizadas para explotar una finca r\u00fastica.<\/p>\n\n\n\n<p>Un contrato que incluya una parcela de cultivo, un almac\u00e9n agr\u00edcola y una nave necesaria para guardar la maquinaria puede, por tanto, quedar dentro de la exenci\u00f3n cuando todos los elementos est\u00e9n vinculados al aprovechamiento de la finca.<\/p>\n\n\n\n<p>La exenci\u00f3n no depende de que el propietario arriende una sola finca o lo haga de manera habitual. Lo decisivo es el objeto real del contrato y el uso al que se destina.<\/p>\n\n\n\n<h2 class=\"wp-block-heading\">Cu\u00e1ndo puede dejar de estar exento<\/h2>\n\n\n\n<p>La Ley del IVA excluye de la exenci\u00f3n varios supuestos. Entre ellos se encuentran los terrenos destinados al estacionamiento de veh\u00edculos, el dep\u00f3sito o almacenamiento de productos, la instalaci\u00f3n de elementos de una actividad empresarial, las exposiciones o la publicidad. Tambi\u00e9n se except\u00faan determinadas construcciones dedicadas a ganader\u00eda independiente de la explotaci\u00f3n del suelo.<\/p>\n\n\n\n<p>Adem\u00e1s, cuando se arrienda una explotaci\u00f3n completa con maquinaria, instalaciones, existencias y medios organizados, puede dejar de tratarse fiscalmente como una simple cesi\u00f3n inmobiliaria. La operaci\u00f3n puede ser considerada arrendamiento de negocio y quedar sujeta y no exenta de IVA.<\/p>\n\n\n\n<p>La denominaci\u00f3n que figure en el encabezado no resuelve la cuesti\u00f3n. Debe revisarse qu\u00e9 elementos se entregan, qui\u00e9n organiza la actividad y si el arrendatario recibe una estructura productiva capaz de funcionar por sus propios medios.<\/p>\n\n\n\n<p>Lo mismo ocurre cuando el terreno se cede para una actividad no agraria. El hecho de que la parcela sea catastralmente r\u00fastica no convierte cualquier alquiler en arrendamiento agrario exento.<\/p>\n\n\n\n<figure class=\"wp-block-image size-large\"><a href=\"https:\/\/fincalista.com\/blog\/\/\" target=\"_blank\" rel=\"noopener\"><img loading=\"lazy\" decoding=\"async\" width=\"1024\" height=\"320\" src=\"https:\/\/fincalista.com\/blog\/\/wp-content\/uploads\/2021\/04\/Banner-4-1024x320.jpg\" alt=\"\" class=\"wp-image-1421\" srcset=\"https:\/\/fincalista.com\/blog\/wp-content\/uploads\/2021\/04\/Banner-4-1024x320.jpg 1024w, https:\/\/fincalista.com\/blog\/wp-content\/uploads\/2021\/04\/Banner-4-300x94.jpg 300w, https:\/\/fincalista.com\/blog\/wp-content\/uploads\/2021\/04\/Banner-4-768x240.jpg 768w, https:\/\/fincalista.com\/blog\/wp-content\/uploads\/2021\/04\/Banner-4.jpg 1152w\" sizes=\"(max-width: 1024px) 100vw, 1024px\" \/><\/a><\/figure>\n\n\n\n<h2 class=\"wp-block-heading\">\u00bfDebe practicarse retenci\u00f3n sobre la renta?<\/h2>\n\n\n\n<p>El alquiler de una finca propiamente r\u00fastica no queda sometido autom\u00e1ticamente a la retenci\u00f3n de los modelos 115 y 180.<\/p>\n\n\n\n<p>La obligaci\u00f3n espec\u00edfica de practicar estas retenciones afecta a las rentas satisfechas por empresarios y profesionales por el arrendamiento o subarrendamiento de <strong>inmuebles urbanos<\/strong>.<\/p>\n\n\n\n<p>Por tanto, no deber\u00eda incorporarse una retenci\u00f3n de IRPF a la renta de una finca agr\u00edcola \u00fanicamente porque el arrendatario sea una empresa, una cooperativa o un agricultor profesional.<\/p>\n\n\n\n<p>La conclusi\u00f3n puede cambiar si el contrato incluye un inmueble urbano, si lo cedido se califica como negocio o si la renta corresponde a varios conceptos con tratamientos diferentes. En esos casos conviene separar los importes y revisar la operaci\u00f3n de forma individualizada.<\/p>\n\n\n\n<h2 class=\"wp-block-heading\">Qu\u00e9 paga el arrendatario en Transmisiones Patrimoniales<\/h2>\n\n\n\n<p>Que el arrendamiento est\u00e9 exento de IVA no significa que quede libre de tributaci\u00f3n indirecta.<\/p>\n\n\n\n<p>El <a href=\"https:\/\/www.boe.es\/buscar\/act.php?id=BOE-A-1993-25359&amp;utm_source=chatgpt.com\">Real Decreto Legislativo 1\/1993, de 24 de septiembre<\/a>, que aprueba el texto refundido del Impuesto sobre Transmisiones Patrimoniales y Actos Jur\u00eddicos Documentados, incluye la constituci\u00f3n de arrendamientos entre las operaciones sujetas a Transmisiones Patrimoniales Onerosas.<\/p>\n\n\n\n<p>La propia norma establece que los arrendamientos inmobiliarios exentos de IVA quedan sujetos a esta modalidad y se\u00f1ala como contribuyente al arrendatario.<\/p>\n\n\n\n<p>La base imponible es la cantidad total que deba satisfacerse durante todo el contrato. Si, por ejemplo, se pacta una renta anual de 6.000 euros durante cinco a\u00f1os, la base inicial ser\u00e1 de 30.000 euros, sin que ello signifique que esa sea la cuota que debe pagarse.<\/p>\n\n\n\n<p>La tarifa, las bonificaciones y el procedimiento de presentaci\u00f3n dependen de la comunidad aut\u00f3noma. Normalmente se utiliza el modelo 600 o el formulario auton\u00f3mico equivalente. No debe aplicarse un porcentaje nacional sin comprobar la regulaci\u00f3n territorial vigente. El propio texto estatal remite a la tarifa aprobada por cada comunidad aut\u00f3noma.<\/p>\n\n\n\n<p>Cuando la operaci\u00f3n est\u00e9 sujeta y no exenta de IVA, no se aplicar\u00e1 simult\u00e1neamente la modalidad de Transmisiones Patrimoniales Onerosas sobre el mismo arrendamiento.<\/p>\n\n\n\n<figure class=\"wp-block-image size-large\"><a href=\"https:\/\/fincalista.com\/blog\/\/\" target=\"_blank\" rel=\"noopener\"><img loading=\"lazy\" decoding=\"async\" width=\"1024\" height=\"1024\" src=\"https:\/\/fincalista.com\/blog\/\/wp-content\/uploads\/2021\/10\/comprar-finca-rustica-1024x1024.png\" alt=\"\" class=\"wp-image-3382\" srcset=\"https:\/\/fincalista.com\/blog\/wp-content\/uploads\/2021\/10\/comprar-finca-rustica-1024x1024.png 1024w, https:\/\/fincalista.com\/blog\/wp-content\/uploads\/2021\/10\/comprar-finca-rustica-300x300.png 300w, https:\/\/fincalista.com\/blog\/wp-content\/uploads\/2021\/10\/comprar-finca-rustica-150x150.png 150w, https:\/\/fincalista.com\/blog\/wp-content\/uploads\/2021\/10\/comprar-finca-rustica-768x768.png 768w, https:\/\/fincalista.com\/blog\/wp-content\/uploads\/2021\/10\/comprar-finca-rustica.png 1080w\" sizes=\"(max-width: 1024px) 100vw, 1024px\" \/><\/a><\/figure>\n\n\n\n<p>\u00a0<\/p>\n\n\n\n<h2 class=\"wp-block-heading\">Un ejemplo sencillo<\/h2>\n\n\n\n<p>Un propietario particular arrienda durante cinco a\u00f1os una finca de secano para el cultivo de cereal por una renta anual de 5.000 euros. El contrato solo incluye el terreno y un almac\u00e9n agrario necesario para la explotaci\u00f3n.<\/p>\n\n\n\n<p>En principio:<\/p>\n\n\n\n<ul>\n<li>La renta estar\u00e1 sujeta pero exenta de IVA, por lo que no se a\u00f1adir\u00e1 el 21 %.<\/li>\n\n\n\n<li>El propietario declarar\u00e1 anualmente los 5.000 euros en su IRPF como capital inmobiliario, descontando los gastos admitidos y justificados.<\/li>\n\n\n\n<li>No se aplicar\u00e1 autom\u00e1ticamente la retenci\u00f3n de los modelos 115 y 180 por tratarse de un inmueble r\u00fastico.<\/li>\n\n\n\n<li>El arrendatario deber\u00e1 revisar la liquidaci\u00f3n de TPO en su comunidad aut\u00f3noma.<\/li>\n\n\n\n<li>La base del impuesto ser\u00e1, inicialmente, la suma de las rentas de los cinco a\u00f1os: 25.000 euros.<\/li>\n<\/ul>\n\n\n\n<p>Si junto al terreno se cedieran maquinaria, existencias, contratos y una explotaci\u00f3n organizada, habr\u00eda que volver a analizar tanto el IVA como la calificaci\u00f3n de los ingresos.<\/p>\n\n\n\n<h2 class=\"wp-block-heading\">Qui\u00e9n paga las reparaciones y mejoras<\/h2>\n\n\n\n<p>La Ley 49\/2003 asigna al propietario las obras y reparaciones necesarias para conservar la finca en condiciones de servir al aprovechamiento para el que se arrend\u00f3. No puede elevar la renta por el simple hecho de realizar estas actuaciones.<\/p>\n\n\n\n<p>Corresponden al arrendatario las reparaciones, mejoras e inversiones propias del empresario agrario en el desarrollo normal de la actividad. Las mejoras realizadas durante el arrendamiento se presumen a su cargo, aunque puede tener derecho a una indemnizaci\u00f3n por el aumento de valor al finalizar el contrato cuando se hayan ejecutado con consentimiento del propietario.<\/p>\n\n\n\n<p>Esta distribuci\u00f3n legal no evita que el contrato deba concretar cuestiones como el mantenimiento del sistema de riego, la limpieza de caminos, la conservaci\u00f3n de vallados, la reposici\u00f3n de tuber\u00edas o el cuidado de las plantaciones.<\/p>\n\n\n\n<p>Cuanto m\u00e1s productiva y equipada est\u00e9 la finca, m\u00e1s importante ser\u00e1 describir estas obligaciones antes de firmar.<\/p>\n\n\n\n<h2 class=\"wp-block-heading\">Qu\u00e9 ocurre con la PAC y los derechos de agua<\/h2>\n\n\n\n<p>Los derechos de producci\u00f3n y otros derechos inherentes a la finca o a la explotaci\u00f3n forman parte del contenido del arrendamiento.<\/p>\n\n\n\n<p>La Ley de Arrendamientos R\u00fasticos remite la percepci\u00f3n de los derechos derivados de la PAC a las normas europeas y auton\u00f3micas aplicables, sin perjuicio de los acuerdos que puedan adoptar las partes.<\/p>\n\n\n\n<p>El contrato deber\u00eda precisar qui\u00e9n presenta las solicitudes, qu\u00e9 derechos se ceden, durante cu\u00e1nto tiempo y qu\u00e9 ocurrir\u00e1 al terminar el arrendamiento. No conviene limitarse a se\u00f1alar de forma gen\u00e9rica que \u201cla PAC corresponde al arrendatario\u201d.<\/p>\n\n\n\n<p>Tambi\u00e9n deben identificarse los derechos o concesiones de agua, la pertenencia a una comunidad de regantes, las cuotas pendientes y las obligaciones derivadas de modernizaciones o cambios en el sistema de riego.<\/p>\n\n\n\n<h2 class=\"wp-block-heading\">Cesi\u00f3n y subarriendo<\/h2>\n\n\n\n<p>El arrendatario no puede ceder ni subarrendar libremente la finca.<\/p>\n\n\n\n<p>La Ley 49\/2003 exige el consentimiento expreso del propietario. La cesi\u00f3n o el subarriendo debe afectar a la totalidad de la finca o explotaci\u00f3n, extenderse durante el tiempo restante del contrato y no puede fijar una renta superior a la pactada entre propietario y arrendatario.<\/p>\n\n\n\n<p>Esta cuesti\u00f3n resulta especialmente relevante cuando la explotaci\u00f3n pasa a una sociedad, una cooperativa o un familiar del arrendatario. Un cambio en la persona que trabaja la finca no deber\u00eda realizarse sin revisar el contrato y formalizar la autorizaci\u00f3n necesaria.<\/p>\n\n\n\n<h2 class=\"wp-block-heading\">Antes de firmar, hay que conocer la finca y la operaci\u00f3n<\/h2>\n\n\n\n<p>La fiscalidad no puede separarse de la realidad del activo.<\/p>\n\n\n\n<p>Antes de fijar la renta conviene conocer la superficie \u00fatil, los accesos, el agua disponible, las construcciones, los cultivos, el estado de las instalaciones, las cargas y las posibilidades productivas.<\/p>\n\n\n\n<p>El valor catastral no determina por s\u00ed solo la renta, aunque puede ayudar a revisar la descripci\u00f3n administrativa y algunos gastos. Puedes ampliar esta cuesti\u00f3n en nuestra gu\u00eda sobre <a href=\"https:\/\/fincalista.com\/blog\/como-saber-el-valor-catastral-de-una-finca-rustica\/?utm_source=chatgpt.com\">c\u00f3mo saber el valor catastral de una finca r\u00fastica<\/a> y consultar c\u00f3mo se interpreta el <a href=\"https:\/\/fincalista.com\/blog\/precio-hectarea-finca-rustica\/?utm_source=chatgpt.com\">precio por hect\u00e1rea de una finca r\u00fastica<\/a>.<\/p>\n\n\n\n<p>Cuando la propiedad procede de una herencia, tambi\u00e9n conviene revisar previamente <a href=\"https:\/\/fincalista.com\/blog\/como-tributa-una-finca-rustica-heredada\/?utm_source=chatgpt.com\">c\u00f3mo tributa una finca r\u00fastica heredada<\/a>.<\/p>\n\n\n\n<p>Un buen arrendamiento no empieza con el precio. Empieza identificando correctamente qu\u00e9 se entrega, qu\u00e9 actividad se desarrollar\u00e1, qui\u00e9n asumir\u00e1 cada coste y c\u00f3mo se devolver\u00e1 la finca al finalizar.<\/p>\n\n\n\n<blockquote class=\"wp-block-quote\">\n<p>Este contenido tiene car\u00e1cter informativo. La fiscalidad puede cambiar seg\u00fan la comunidad aut\u00f3noma, la naturaleza de los elementos cedidos, la condici\u00f3n de las partes y el uso efectivo de la finca. Las operaciones que incluyan explotaciones completas, construcciones de uso mixto o actividades no agrarias requieren un an\u00e1lisis espec\u00edfico.<\/p>\n<\/blockquote>\n\n\n\n<figure class=\"wp-block-image size-large is-resized\"><a href=\"https:\/\/fincalista.com\/blog\/\/\" target=\"_blank\" rel=\"noopener\"><img loading=\"lazy\" decoding=\"async\" width=\"1024\" height=\"320\" src=\"https:\/\/fincalista.com\/blog\/\/wp-content\/uploads\/2021\/04\/Banner-3.1-1024x320.png\" alt=\"\" class=\"wp-image-1561\" style=\"width:840px;height:auto\" srcset=\"https:\/\/fincalista.com\/blog\/wp-content\/uploads\/2021\/04\/Banner-3.1-1024x320.png 1024w, https:\/\/fincalista.com\/blog\/wp-content\/uploads\/2021\/04\/Banner-3.1-300x94.png 300w, https:\/\/fincalista.com\/blog\/wp-content\/uploads\/2021\/04\/Banner-3.1-768x240.png 768w, https:\/\/fincalista.com\/blog\/wp-content\/uploads\/2021\/04\/Banner-3.1.png 1152w\" sizes=\"(max-width: 1024px) 100vw, 1024px\" \/><\/a><\/figure>\n\n\n\n<h3 class=\"wp-block-heading\">Preguntas frecuentes<\/h3>\n\n\n\n<div class=\"wp-block-essential-blocks-accordion\"><div class=\"eb-parent-wrapper eb-parent-eb-accordion-jd1r9 \"><div class=\"eb-accordion-container eb-accordion-jd1r9\" data-accordion-type=\"accordion\" data-tab-icon=\"fas fa-angle-right\" data-expanded-icon=\"fas fa-angle-down\" data-transition-duration=\"500\"><div class=\"eb-accordion-inner\">\n<div class=\"eb-accordion-item-057hd eb-accordion-wrapper\" data-clickable=\"false\"><div class=\"eb-accordion-title-wrapper\" tabindex=\"0\"><span class=\"eb-accordion-icon-wrapper\"><span class=\"fas fa-angle-right eb-accordion-icon\"><\/span><\/span><h3 class=\"eb-accordion-title\">\u00bfEl alquiler de una finca r\u00fastica lleva IVA?<\/h3><\/div><div class=\"eb-accordion-content-wrapper\"><div class=\"eb-accordion-content\">\n<p>El alquiler del terreno y de las construcciones agrarias utilizadas en la explotaci\u00f3n de una finca suele estar sujeto pero exento de IVA. Existen excepciones cuando se destina a almacenamiento, aparcamiento, publicidad, actividades empresariales distintas o se arrienda una explotaci\u00f3n organizada.<\/p>\n<\/div><\/div><\/div>\n\n\n\n<div class=\"eb-accordion-item-mf6br eb-accordion-wrapper\" data-clickable=\"false\"><div class=\"eb-accordion-title-wrapper\" tabindex=\"0\"><span class=\"eb-accordion-icon-wrapper\"><span class=\"fas fa-angle-right eb-accordion-icon\"><\/span><\/span><h3 class=\"eb-accordion-title\">\u00bfQui\u00e9n paga el modelo 600?<\/h3><\/div><div class=\"eb-accordion-content-wrapper\"><div class=\"eb-accordion-content\">\n<p>El sujeto pasivo de Transmisiones Patrimoniales en la constituci\u00f3n del arrendamiento es el arrendatario. La presentaci\u00f3n se realiza ante la comunidad aut\u00f3noma competente mediante el modelo o formulario que corresponda.<\/p>\n<\/div><\/div><\/div>\n\n\n\n<div class=\"eb-accordion-item-bxav8 eb-accordion-wrapper\" data-clickable=\"false\"><div class=\"eb-accordion-title-wrapper\" tabindex=\"0\"><span class=\"eb-accordion-icon-wrapper\"><span class=\"fas fa-angle-right eb-accordion-icon\"><\/span><\/span><h3 class=\"eb-accordion-title\">\u00bfC\u00f3mo declara el propietario la renta?<\/h3><\/div><div class=\"eb-accordion-content-wrapper\"><div class=\"eb-accordion-content\">\n<p>Cuando es una persona f\u00edsica y el arrendamiento no constituye una actividad econ\u00f3mica, declara los ingresos como rendimientos del capital inmobiliario y puede restar los gastos fiscalmente deducibles.<\/p>\n<\/div><\/div><\/div>\n\n\n\n<div class=\"eb-accordion-item-5usjy eb-accordion-wrapper\" data-clickable=\"false\"><div class=\"eb-accordion-title-wrapper\" tabindex=\"0\"><span class=\"eb-accordion-icon-wrapper\"><span class=\"fas fa-angle-right eb-accordion-icon\"><\/span><\/span><h3 class=\"eb-accordion-title\">\u00bfHay que practicar retenci\u00f3n?<\/h3><\/div><div class=\"eb-accordion-content-wrapper\"><div class=\"eb-accordion-content\">\n<p>La retenci\u00f3n de los modelos 115 y 180 se refiere a arrendamientos de inmuebles urbanos. No se aplica autom\u00e1ticamente al alquiler de una finca propiamente r\u00fastica.<\/p>\n<\/div><\/div><\/div>\n\n\n\n<div class=\"eb-accordion-item-c5z4u eb-accordion-wrapper\" data-clickable=\"false\"><div class=\"eb-accordion-title-wrapper\" tabindex=\"0\"><span class=\"eb-accordion-icon-wrapper\"><span class=\"fas fa-angle-right eb-accordion-icon\"><\/span><\/span><h3 class=\"eb-accordion-title\">\u00bfQu\u00e9 gastos puede deducirse el arrendador?<\/h3><\/div><div class=\"eb-accordion-content-wrapper\"><div class=\"eb-accordion-content\">\n<p>Puede deducir los gastos necesarios para obtener los ingresos y la amortizaci\u00f3n de las construcciones y dem\u00e1s bienes depreciables cedidos, siempre que est\u00e9n relacionados con el alquiler y correctamente justificados.<\/p>\n<\/div><\/div><\/div>\n\n\n\n<div class=\"eb-accordion-item-3897l eb-accordion-wrapper\" data-clickable=\"false\"><div class=\"eb-accordion-title-wrapper\" tabindex=\"0\"><span class=\"eb-accordion-icon-wrapper\"><span class=\"fas fa-angle-right eb-accordion-icon\"><\/span><\/span><h3 class=\"eb-accordion-title\">\u00bfCu\u00e1l es la duraci\u00f3n m\u00ednima?<\/h3><\/div><div class=\"eb-accordion-content-wrapper\"><div class=\"eb-accordion-content\">\n<p>La duraci\u00f3n m\u00ednima legal es de cinco a\u00f1os. Para recuperar la finca al terminar el contrato, el propietario debe preavisar fehacientemente con un a\u00f1o de antelaci\u00f3n.<\/p>\n<\/div><\/div><\/div>\n\n\n\n<div class=\"eb-accordion-item-jir9l eb-accordion-wrapper\" data-clickable=\"false\"><div class=\"eb-accordion-title-wrapper\" tabindex=\"0\"><span class=\"eb-accordion-icon-wrapper\"><span class=\"fas fa-angle-right eb-accordion-icon\"><\/span><\/span><h3 class=\"eb-accordion-title\">\u00bfLa renta se actualiza cada a\u00f1o?<\/h3><\/div><div class=\"eb-accordion-content-wrapper\"><div class=\"eb-accordion-content\">\n<p>Solo cuando se haya pactado. Si no existe una cl\u00e1usula de revisi\u00f3n, la renta no se actualiza autom\u00e1ticamente.<\/p>\n<\/div><\/div><\/div>\n\n\n\n<div class=\"eb-accordion-item-5w8nl eb-accordion-wrapper\" data-clickable=\"false\"><div class=\"eb-accordion-title-wrapper\" tabindex=\"0\"><span class=\"eb-accordion-icon-wrapper\"><span class=\"fas fa-angle-right eb-accordion-icon\"><\/span><\/span><h3 class=\"eb-accordion-title\">\u00bfQui\u00e9n solicita las ayudas de la PAC?<\/h3><\/div><div class=\"eb-accordion-content-wrapper\"><div class=\"eb-accordion-content\">\n<p>Depende de la normativa aplicable y de lo acordado en el contrato. La cesi\u00f3n, utilizaci\u00f3n y devoluci\u00f3n de los derechos debe quedar claramente documentada.<\/p>\n<\/div><\/div><\/div>\n\n\n\n<div class=\"eb-accordion-item-v71z3 eb-accordion-wrapper\" data-clickable=\"false\"><div class=\"eb-accordion-title-wrapper\" tabindex=\"0\"><span class=\"eb-accordion-icon-wrapper\"><span class=\"fas fa-angle-right eb-accordion-icon\"><\/span><\/span><h3 class=\"eb-accordion-title\">\u00bfPuede subarrendarse la finca?<\/h3><\/div><div class=\"eb-accordion-content-wrapper\"><div class=\"eb-accordion-content\">\n<p>Solo con el consentimiento expreso del propietario y respetando las condiciones establecidas en la Ley de Arrendamientos R\u00fasticos.<\/p>\n<\/div><\/div><\/div>\n\n\n\n<div class=\"eb-accordion-item-evowx eb-accordion-wrapper\" data-clickable=\"false\"><div class=\"eb-accordion-title-wrapper\" tabindex=\"0\"><span class=\"eb-accordion-icon-wrapper\"><span class=\"fas fa-angle-right eb-accordion-icon\"><\/span><\/span><h3 class=\"eb-accordion-title\">\u00bfTributa igual el alquiler de una explotaci\u00f3n completa?<\/h3><\/div><div class=\"eb-accordion-content-wrapper\"><div class=\"eb-accordion-content\">\n<p>No necesariamente. La cesi\u00f3n conjunta de terreno, maquinaria, instalaciones, existencias y otros medios organizados puede recibir un tratamiento diferente en el IVA y en el impuesto sobre la renta del propietario.<\/p>\n<\/div><\/div><\/div>\n<\/div><\/div><\/div><\/div>\n","protected":false},"excerpt":{"rendered":"<p>El arrendamiento de una finca para su aprovechamiento agr\u00edcola, ganadero o forestal suele estar exento de IVA, pero genera obligaciones diferentes para el propietario y el arrendatario. Explicamos c\u00f3mo intervienen el IRPF, Transmisiones Patrimoniales y la Ley de Arrendamientos R\u00fasticos. <\/p>\n<div class=\"housey-read-more-link-wrap\"><a class=\"housey-read-more-link\" href=\"https:\/\/fincalista.com\/blog\/como-tributa-arrendamiento-rustico\/\">Read More<\/a><\/div>\n","protected":false},"author":1598,"featured_media":3380,"comment_status":"open","ping_status":"open","sticky":false,"template":"","format":"standard","meta":{"_eb_attr":"","footnotes":""},"categories":[1,657],"tags":[767,773,786,787,788,789,790,791,792],"yoast_head":"<!-- This site is optimized with the Yoast SEO plugin v21.8 - https:\/\/yoast.com\/wordpress\/plugins\/seo\/ -->\n<title>C\u00f3mo tributa un arrendamiento r\u00fastico: IVA, IRPF e ITP - Fincalista<\/title>\n<meta name=\"description\" content=\"Descubre c\u00f3mo tributa un arrendamiento r\u00fastico, cu\u00e1ndo est\u00e1 exento de IVA, c\u00f3mo declara la renta el propietario y qu\u00e9 impuesto paga el arrendatario.\" \/>\n<meta name=\"robots\" content=\"index, follow, max-snippet:-1, max-image-preview:large, max-video-preview:-1\" \/>\n<link rel=\"canonical\" href=\"https:\/\/fincalista.com\/blog\/como-tributa-arrendamiento-rustico\/\" \/>\n<meta property=\"og:locale\" content=\"es_ES\" \/>\n<meta property=\"og:type\" content=\"article\" \/>\n<meta property=\"og:title\" content=\"C\u00f3mo tributa un arrendamiento r\u00fastico: IVA, IRPF e ITP - Fincalista\" \/>\n<meta property=\"og:description\" content=\"Descubre c\u00f3mo tributa un arrendamiento r\u00fastico, cu\u00e1ndo est\u00e1 exento de IVA, c\u00f3mo declara la renta el propietario y qu\u00e9 impuesto paga el arrendatario.\" \/>\n<meta property=\"og:url\" content=\"https:\/\/fincalista.com\/blog\/como-tributa-arrendamiento-rustico\/\" \/>\n<meta property=\"og:site_name\" content=\"Fincalista\" \/>\n<meta property=\"article:publisher\" content=\"https:\/\/www.facebook.com\/fincalista\/\" \/>\n<meta property=\"article:published_time\" content=\"2021-10-07T16:15:31+00:00\" \/>\n<meta property=\"article:modified_time\" content=\"2026-07-30T11:36:08+00:00\" \/>\n<meta property=\"og:image\" content=\"https:\/\/fincalista.com\/blog\/wp-content\/uploads\/2021\/10\/contrato-finca-rustica.png\" \/>\n\t<meta property=\"og:image:width\" content=\"1080\" \/>\n\t<meta property=\"og:image:height\" content=\"1080\" \/>\n\t<meta property=\"og:image:type\" content=\"image\/png\" \/>\n<meta name=\"author\" content=\"jbarba@fincalista.com\" \/>\n<meta name=\"twitter:card\" content=\"summary_large_image\" \/>\n<meta name=\"twitter:label1\" content=\"Escrito por\" \/>\n\t<meta name=\"twitter:data1\" content=\"jbarba@fincalista.com\" \/>\n\t<meta name=\"twitter:label2\" content=\"Tiempo de lectura\" \/>\n\t<meta name=\"twitter:data2\" content=\"16 minutos\" \/>\n<script type=\"application\/ld+json\" class=\"yoast-schema-graph\">{\"@context\":\"https:\/\/schema.org\",\"@graph\":[{\"@type\":\"Article\",\"@id\":\"https:\/\/fincalista.com\/blog\/como-tributa-arrendamiento-rustico\/#article\",\"isPartOf\":{\"@id\":\"https:\/\/fincalista.com\/blog\/como-tributa-arrendamiento-rustico\/\"},\"author\":{\"name\":\"jbarba@fincalista.com\",\"@id\":\"https:\/\/fincalista.com\/blog\/#\/schema\/person\/3cd7d77bce1eba2e9aa1546b78cfd3bd\"},\"headline\":\"C\u00f3mo tributa el arrendamiento de una finca r\u00fastica: IVA, IRPF e ITP\",\"datePublished\":\"2021-10-07T16:15:31+00:00\",\"dateModified\":\"2026-07-30T11:36:08+00:00\",\"mainEntityOfPage\":{\"@id\":\"https:\/\/fincalista.com\/blog\/como-tributa-arrendamiento-rustico\/\"},\"wordCount\":3333,\"commentCount\":0,\"publisher\":{\"@id\":\"https:\/\/fincalista.com\/blog\/#organization\"},\"keywords\":[\"fiscalidad rural\",\"IRPF\",\"Arrendamientos r\u00fasticos\",\"Transmisiones Patrimoniales\",\"alquiler de fincas\",\"IVA\",\"explotaciones agr\u00edcolas\",\"contratos agrarios\",\"PAC\"],\"articleSection\":[\"Noticias\",\"Fiscal\"],\"inLanguage\":\"es\",\"potentialAction\":[{\"@type\":\"CommentAction\",\"name\":\"Comment\",\"target\":[\"https:\/\/fincalista.com\/blog\/como-tributa-arrendamiento-rustico\/#respond\"]}]},{\"@type\":\"WebPage\",\"@id\":\"https:\/\/fincalista.com\/blog\/como-tributa-arrendamiento-rustico\/\",\"url\":\"https:\/\/fincalista.com\/blog\/como-tributa-arrendamiento-rustico\/\",\"name\":\"C\u00f3mo tributa un arrendamiento r\u00fastico: IVA, IRPF e ITP - Fincalista\",\"isPartOf\":{\"@id\":\"https:\/\/fincalista.com\/blog\/#website\"},\"datePublished\":\"2021-10-07T16:15:31+00:00\",\"dateModified\":\"2026-07-30T11:36:08+00:00\",\"description\":\"Descubre c\u00f3mo tributa un arrendamiento r\u00fastico, cu\u00e1ndo est\u00e1 exento de IVA, c\u00f3mo declara la renta el propietario y qu\u00e9 impuesto paga el arrendatario.\",\"breadcrumb\":{\"@id\":\"https:\/\/fincalista.com\/blog\/como-tributa-arrendamiento-rustico\/#breadcrumb\"},\"inLanguage\":\"es\",\"potentialAction\":[{\"@type\":\"ReadAction\",\"target\":[\"https:\/\/fincalista.com\/blog\/como-tributa-arrendamiento-rustico\/\"]}]},{\"@type\":\"BreadcrumbList\",\"@id\":\"https:\/\/fincalista.com\/blog\/como-tributa-arrendamiento-rustico\/#breadcrumb\",\"itemListElement\":[{\"@type\":\"ListItem\",\"position\":1,\"name\":\"Portada\",\"item\":\"https:\/\/fincalista.com\/blog\/\"},{\"@type\":\"ListItem\",\"position\":2,\"name\":\"C\u00f3mo tributa el arrendamiento de una finca r\u00fastica: IVA, IRPF e ITP\"}]},{\"@type\":\"WebSite\",\"@id\":\"https:\/\/fincalista.com\/blog\/#website\",\"url\":\"https:\/\/fincalista.com\/blog\/\",\"name\":\"Fincalista\",\"description\":\"Fincas r\u00fasticas en venta en Espa\u00f1a y Portugal\",\"publisher\":{\"@id\":\"https:\/\/fincalista.com\/blog\/#organization\"},\"potentialAction\":[{\"@type\":\"SearchAction\",\"target\":{\"@type\":\"EntryPoint\",\"urlTemplate\":\"https:\/\/fincalista.com\/blog\/?s={search_term_string}\"},\"query-input\":\"required name=search_term_string\"}],\"inLanguage\":\"es\"},{\"@type\":\"Organization\",\"@id\":\"https:\/\/fincalista.com\/blog\/#organization\",\"name\":\"Fincalista\",\"url\":\"https:\/\/fincalista.com\/blog\/\",\"logo\":{\"@type\":\"ImageObject\",\"inLanguage\":\"es\",\"@id\":\"https:\/\/fincalista.com\/blog\/#\/schema\/logo\/image\/\",\"url\":\"https:\/\/fincalista.com\/blog\/wp-content\/uploads\/2024\/01\/logo-fincalista-3.webp\",\"contentUrl\":\"https:\/\/fincalista.com\/blog\/wp-content\/uploads\/2024\/01\/logo-fincalista-3.webp\",\"width\":230,\"height\":41,\"caption\":\"Fincalista\"},\"image\":{\"@id\":\"https:\/\/fincalista.com\/blog\/#\/schema\/logo\/image\/\"},\"sameAs\":[\"https:\/\/www.facebook.com\/fincalista\/\",\"https:\/\/www.instagram.com\/fincalista\/\",\"https:\/\/www.linkedin.com\/company\/fincalista\/\"]},{\"@type\":\"Person\",\"@id\":\"https:\/\/fincalista.com\/blog\/#\/schema\/person\/3cd7d77bce1eba2e9aa1546b78cfd3bd\",\"name\":\"jbarba@fincalista.com\",\"image\":{\"@type\":\"ImageObject\",\"inLanguage\":\"es\",\"@id\":\"https:\/\/fincalista.com\/blog\/#\/schema\/person\/image\/\",\"url\":\"https:\/\/secure.gravatar.com\/avatar\/9ebc8fd18ba51e0abc79e5f0dd9b6c43?s=96&d=mm&r=g\",\"contentUrl\":\"https:\/\/secure.gravatar.com\/avatar\/9ebc8fd18ba51e0abc79e5f0dd9b6c43?s=96&d=mm&r=g\",\"caption\":\"jbarba@fincalista.com\"},\"url\":\"https:\/\/fincalista.com\/blog\/author\/jbarbafincalista-com\/\"}]}<\/script>\n<!-- \/ Yoast SEO plugin. -->","yoast_head_json":{"title":"C\u00f3mo tributa un arrendamiento r\u00fastico: IVA, IRPF e ITP - Fincalista","description":"Descubre c\u00f3mo tributa un arrendamiento r\u00fastico, cu\u00e1ndo est\u00e1 exento de IVA, c\u00f3mo declara la renta el propietario y qu\u00e9 impuesto paga el arrendatario.","robots":{"index":"index","follow":"follow","max-snippet":"max-snippet:-1","max-image-preview":"max-image-preview:large","max-video-preview":"max-video-preview:-1"},"canonical":"https:\/\/fincalista.com\/blog\/como-tributa-arrendamiento-rustico\/","og_locale":"es_ES","og_type":"article","og_title":"C\u00f3mo tributa un arrendamiento r\u00fastico: IVA, IRPF e ITP - Fincalista","og_description":"Descubre c\u00f3mo tributa un arrendamiento r\u00fastico, cu\u00e1ndo est\u00e1 exento de IVA, c\u00f3mo declara la renta el propietario y qu\u00e9 impuesto paga el arrendatario.","og_url":"https:\/\/fincalista.com\/blog\/como-tributa-arrendamiento-rustico\/","og_site_name":"Fincalista","article_publisher":"https:\/\/www.facebook.com\/fincalista\/","article_published_time":"2021-10-07T16:15:31+00:00","article_modified_time":"2026-07-30T11:36:08+00:00","og_image":[{"width":1080,"height":1080,"url":"https:\/\/fincalista.com\/blog\/wp-content\/uploads\/2021\/10\/contrato-finca-rustica.png","type":"image\/png"}],"author":"jbarba@fincalista.com","twitter_card":"summary_large_image","twitter_misc":{"Escrito por":"jbarba@fincalista.com","Tiempo de lectura":"16 minutos"},"schema":{"@context":"https:\/\/schema.org","@graph":[{"@type":"Article","@id":"https:\/\/fincalista.com\/blog\/como-tributa-arrendamiento-rustico\/#article","isPartOf":{"@id":"https:\/\/fincalista.com\/blog\/como-tributa-arrendamiento-rustico\/"},"author":{"name":"jbarba@fincalista.com","@id":"https:\/\/fincalista.com\/blog\/#\/schema\/person\/3cd7d77bce1eba2e9aa1546b78cfd3bd"},"headline":"C\u00f3mo tributa el arrendamiento de una finca r\u00fastica: IVA, IRPF e ITP","datePublished":"2021-10-07T16:15:31+00:00","dateModified":"2026-07-30T11:36:08+00:00","mainEntityOfPage":{"@id":"https:\/\/fincalista.com\/blog\/como-tributa-arrendamiento-rustico\/"},"wordCount":3333,"commentCount":0,"publisher":{"@id":"https:\/\/fincalista.com\/blog\/#organization"},"keywords":["fiscalidad rural","IRPF","Arrendamientos r\u00fasticos","Transmisiones Patrimoniales","alquiler de fincas","IVA","explotaciones agr\u00edcolas","contratos agrarios","PAC"],"articleSection":["Noticias","Fiscal"],"inLanguage":"es","potentialAction":[{"@type":"CommentAction","name":"Comment","target":["https:\/\/fincalista.com\/blog\/como-tributa-arrendamiento-rustico\/#respond"]}]},{"@type":"WebPage","@id":"https:\/\/fincalista.com\/blog\/como-tributa-arrendamiento-rustico\/","url":"https:\/\/fincalista.com\/blog\/como-tributa-arrendamiento-rustico\/","name":"C\u00f3mo tributa un arrendamiento r\u00fastico: IVA, IRPF e ITP - Fincalista","isPartOf":{"@id":"https:\/\/fincalista.com\/blog\/#website"},"datePublished":"2021-10-07T16:15:31+00:00","dateModified":"2026-07-30T11:36:08+00:00","description":"Descubre c\u00f3mo tributa un arrendamiento r\u00fastico, cu\u00e1ndo est\u00e1 exento de IVA, c\u00f3mo declara la renta el propietario y qu\u00e9 impuesto paga el arrendatario.","breadcrumb":{"@id":"https:\/\/fincalista.com\/blog\/como-tributa-arrendamiento-rustico\/#breadcrumb"},"inLanguage":"es","potentialAction":[{"@type":"ReadAction","target":["https:\/\/fincalista.com\/blog\/como-tributa-arrendamiento-rustico\/"]}]},{"@type":"BreadcrumbList","@id":"https:\/\/fincalista.com\/blog\/como-tributa-arrendamiento-rustico\/#breadcrumb","itemListElement":[{"@type":"ListItem","position":1,"name":"Portada","item":"https:\/\/fincalista.com\/blog\/"},{"@type":"ListItem","position":2,"name":"C\u00f3mo tributa el arrendamiento de una finca r\u00fastica: IVA, IRPF e ITP"}]},{"@type":"WebSite","@id":"https:\/\/fincalista.com\/blog\/#website","url":"https:\/\/fincalista.com\/blog\/","name":"Fincalista","description":"Fincas r\u00fasticas en venta en Espa\u00f1a y Portugal","publisher":{"@id":"https:\/\/fincalista.com\/blog\/#organization"},"potentialAction":[{"@type":"SearchAction","target":{"@type":"EntryPoint","urlTemplate":"https:\/\/fincalista.com\/blog\/?s={search_term_string}"},"query-input":"required name=search_term_string"}],"inLanguage":"es"},{"@type":"Organization","@id":"https:\/\/fincalista.com\/blog\/#organization","name":"Fincalista","url":"https:\/\/fincalista.com\/blog\/","logo":{"@type":"ImageObject","inLanguage":"es","@id":"https:\/\/fincalista.com\/blog\/#\/schema\/logo\/image\/","url":"https:\/\/fincalista.com\/blog\/wp-content\/uploads\/2024\/01\/logo-fincalista-3.webp","contentUrl":"https:\/\/fincalista.com\/blog\/wp-content\/uploads\/2024\/01\/logo-fincalista-3.webp","width":230,"height":41,"caption":"Fincalista"},"image":{"@id":"https:\/\/fincalista.com\/blog\/#\/schema\/logo\/image\/"},"sameAs":["https:\/\/www.facebook.com\/fincalista\/","https:\/\/www.instagram.com\/fincalista\/","https:\/\/www.linkedin.com\/company\/fincalista\/"]},{"@type":"Person","@id":"https:\/\/fincalista.com\/blog\/#\/schema\/person\/3cd7d77bce1eba2e9aa1546b78cfd3bd","name":"jbarba@fincalista.com","image":{"@type":"ImageObject","inLanguage":"es","@id":"https:\/\/fincalista.com\/blog\/#\/schema\/person\/image\/","url":"https:\/\/secure.gravatar.com\/avatar\/9ebc8fd18ba51e0abc79e5f0dd9b6c43?s=96&d=mm&r=g","contentUrl":"https:\/\/secure.gravatar.com\/avatar\/9ebc8fd18ba51e0abc79e5f0dd9b6c43?s=96&d=mm&r=g","caption":"jbarba@fincalista.com"},"url":"https:\/\/fincalista.com\/blog\/author\/jbarbafincalista-com\/"}]}},"_links":{"self":[{"href":"https:\/\/fincalista.com\/blog\/wp-json\/wp\/v2\/posts\/3374"}],"collection":[{"href":"https:\/\/fincalista.com\/blog\/wp-json\/wp\/v2\/posts"}],"about":[{"href":"https:\/\/fincalista.com\/blog\/wp-json\/wp\/v2\/types\/post"}],"author":[{"embeddable":true,"href":"https:\/\/fincalista.com\/blog\/wp-json\/wp\/v2\/users\/1598"}],"replies":[{"embeddable":true,"href":"https:\/\/fincalista.com\/blog\/wp-json\/wp\/v2\/comments?post=3374"}],"version-history":[{"count":8,"href":"https:\/\/fincalista.com\/blog\/wp-json\/wp\/v2\/posts\/3374\/revisions"}],"predecessor-version":[{"id":13875,"href":"https:\/\/fincalista.com\/blog\/wp-json\/wp\/v2\/posts\/3374\/revisions\/13875"}],"wp:featuredmedia":[{"embeddable":true,"href":"https:\/\/fincalista.com\/blog\/wp-json\/wp\/v2\/media\/3380"}],"wp:attachment":[{"href":"https:\/\/fincalista.com\/blog\/wp-json\/wp\/v2\/media?parent=3374"}],"wp:term":[{"taxonomy":"category","embeddable":true,"href":"https:\/\/fincalista.com\/blog\/wp-json\/wp\/v2\/categories?post=3374"},{"taxonomy":"post_tag","embeddable":true,"href":"https:\/\/fincalista.com\/blog\/wp-json\/wp\/v2\/tags?post=3374"}],"curies":[{"name":"wp","href":"https:\/\/api.w.org\/{rel}","templated":true}]}}