{"id":13882,"date":"2026-08-31T15:34:54","date_gmt":"2026-08-31T14:34:54","guid":{"rendered":"https:\/\/fincalista.com\/blog\/?p=13882"},"modified":"2026-08-31T15:34:55","modified_gmt":"2026-08-31T14:34:55","slug":"agrogenera-2026-nota-de-prensa","status":"publish","type":"post","link":"https:\/\/fincalista.com\/blog\/agrogenera-2026-nota-de-prensa\/","title":{"rendered":"AGROGENERA 2026 reunir\u00e1 en Madrid al sector agroenerg\u00e9tico para impulsar proyectos en el medio rural"},"content":{"rendered":"\n<ul>\n<li><strong>Espacio Caminos acoger\u00e1 el pr\u00f3ximo 15 de septiembre la segunda edici\u00f3n de AGROGENERA, el foro profesional impulsado por Fincalista sobre agrivoltaica, biometano y nuevos modelos agroenerg\u00e9ticos.<\/strong><\/li>\n\n\n\n<li><strong>La edici\u00f3n anterior reuni\u00f3 a 162 profesionales, con m\u00e1s de la mitad de los asistentes en posiciones de alta direcci\u00f3n, direcci\u00f3n o gerencia.<\/strong><\/li>\n<\/ul>\n\n\n\n<p>AGROGENERA regresa a Madrid el pr\u00f3ximo 15 de septiembre en el Espacio Caminos para consolidarse como el encuentro especializado en la convergencia entre la transici\u00f3n energ\u00e9tica, las finanzas y el desarrollo del suelo r\u00fastico.<\/p>\n\n\n\n<p>El congreso, una iniciativa de Fincalista, se consolida como un punto de encuentro profesional para analizar c\u00f3mo compatibilizar generaci\u00f3n renovable, actividad agraria, financiaci\u00f3n y desarrollo territorial. La jornada reunir\u00e1 a perfiles del sector energ\u00e9tico, agroindustrial, financiero, t\u00e9cnico, institucional y territorial para abordar una cuesti\u00f3n clave: qu\u00e9 necesita hoy un proyecto agroenerg\u00e9tico para ser viable, financiable y \u00fatil para el medio rural.<\/p>\n\n\n\n<p>Con un enfoque pr\u00e1ctico y orientado a proyectos reales, el programa abordar\u00e1 los retos que condicionan el despliegue de la agrivoltaica y de otras soluciones energ\u00e9ticas complementarias: regulaci\u00f3n, compatibilidad con la PAC, uso del suelo, bancabilidad, contratos, aceptaci\u00f3n local, valorizaci\u00f3n de residuos, digestato, biometano y relaci\u00f3n con el territorio.<\/p>\n\n\n\n<h3 class=\"wp-block-heading\"><strong>Un ecosistema de alto nivel guiado por el negocio y la innovaci\u00f3n<\/strong><\/h3>\n\n\n\n<p>En su primera edici\u00f3n, AGROGENERA demostr\u00f3 la necesidad de este di\u00e1logo al reunir <strong>a 162 profesionales<\/strong>, de los cuales m\u00e1s de la mitad ocupaban posiciones de alta direcci\u00f3n, gerencia o roles directivos.<\/p>\n\n\n\n<p><strong>Esta segunda edici\u00f3n refuerza esa vocaci\u00f3n de ser un foro t\u00e9cnico, pr\u00e1ctico y orientado a la generaci\u00f3n de oportunidades.\u00a0<\/strong><\/p>\n\n\n\n<p>Para ello, el congreso mantiene su prop\u00f3sito central: unir la energ\u00eda renovable con el trabajo del d\u00eda a d\u00eda en el campo, ayudando a cerrar acuerdos viables, compartir lo que funciona y aportar una nueva fuente de ingresos al sector primario.&nbsp;<\/p>\n\n\n\n<p>El mapa de participantes se articula en cuatro grandes pilares estrat\u00e9gicos:<\/p>\n\n\n\n<ul>\n<li><strong>Sector energ\u00e9tico: <\/strong>desarrolladores y promotores de proyectos renovables, utilities y operadores energ\u00e9ticos.<\/li>\n\n\n\n<li><strong>Finanzas e inversi\u00f3n: <\/strong>entidades bancarias, fondos de inversi\u00f3n y veh\u00edculos especializados en financiaci\u00f3n de infraestructuras.<\/li>\n\n\n\n<li><strong>Sector agro y territorial: <\/strong>agricultores, propietarios de suelo r\u00fastico, cooperativas y entidades vinculadas al desarrollo rural.<\/li>\n\n\n\n<li><strong>Ecosistema t\u00e9cnico y regulatorio:<\/strong> ingenier\u00edas, fabricantes, consultoras agron\u00f3micas y ambientales, centros de investigaci\u00f3n y administraciones p\u00fablicas.<\/li>\n<\/ul>\n\n\n\n<h3 class=\"wp-block-heading\"><strong>Programa, entradas y contacto<\/strong><\/h3>\n\n\n\n<p>La jornada comenzar\u00e1 con una ponencia marco sobre <strong>el nuevo contrato entre energ\u00eda, agua, alimentos y territorio<\/strong>, y continuar\u00e1 con mesas redondas y presentaciones individuales centradas en los principales bloques de trabajo del sector.<\/p>\n\n\n\n<p>Entre los temas destacados se encuentran la regulaci\u00f3n y las garant\u00edas agrarias necesarias para una agroenerg\u00eda escalable; el paso de pilotos a proyectos reales en agrivoltaica; los criterios que determinan qu\u00e9 proyectos son financiables hoy; la cuenta de resultados de una finca agroenerg\u00e9tica; y el papel del biometano, el digestato y las soluciones energ\u00e9ticas complementarias en la diversificaci\u00f3n econ\u00f3mica del medio rural.<\/p>\n\n\n\n<p><strong>El programa contar\u00e1 con voces de Fincalista, APPA Renovables, Banco Sabadell \/ BSCapital, C\u00c1VALA Soluciones Sostenibles, Catalana de Biog\u00e1s Iberia, ONTIER, JinkoSolar Europe, Sinia Renovables, COAG, ING, ENSO, Axpo Iberia, Nedgia y Greening, entre otros agentes del ecosistema agroenerg\u00e9tico.<\/strong><\/p>\n\n\n\n<h3 class=\"wp-block-heading\"><strong>Networking: Conexiones profesionales antes, durante y despu\u00e9s<\/strong><\/h3>\n\n\n\n<p>Con el objetivo de maximizar&nbsp; la utilidad pr\u00e1ctica para cada participante,<strong> los participantes podr\u00e1n consultar perfiles, identificar socios de inter\u00e9s y agendar reuniones previas<\/strong> con total garant\u00eda de privacidad y cumplimiento normativo. De este modo, la experiencia va mucho m\u00e1s all\u00e1 de las ponencias, transformando el espacio en una <strong>aceleradora de alianzas reales.<\/strong><\/p>\n\n\n\n<h3 class=\"wp-block-heading\">Agrogenera 2026<\/h3>\n\n\n\n<p>La jornada combinar\u00e1 ponencias, mesas redondas y espacios de networking. El programa completo, con los ponentes confirmados y los paneles tem\u00e1ticos, ya se encuentra disponible en la web oficial.<\/p>\n\n\n\n<p><strong>Las entradas para acudir al evento tambi\u00e9n est\u00e1n disponibles a trav\u00e9s del portal del congreso.<\/strong><\/p>\n\n\n\n<p>AGROGENERA est\u00e1 dirigido a profesionales vinculados a la energ\u00eda, agroindustria, financiaci\u00f3n, inversi\u00f3n, desarrollo de proyectos renovables, suelo r\u00fastico, tecnolog\u00eda, agua, biometano, cooperativas, administraciones y desarrollo territorial.<\/p>\n\n\n\n<p>Con esta segunda edici\u00f3n, Fincalista busca contribuir a ordenar la conversaci\u00f3n sectorial y facilitar el avance hacia modelos agroenerg\u00e9ticos capaces de generar valor econ\u00f3mico, social y ambiental en el territorio.<\/p>\n\n\n\n<figure class=\"wp-block-pullquote\"><blockquote><p>AGROGENERA 2026 cuenta con el impulso y apoyo estrat\u00e9gico de <strong>Generandi Asset Management<\/strong>, <strong>APPA Renovables<\/strong> y <strong>Banco Sabadell | Sinia<\/strong>, junto a otras firmas de referencia en el sector como <strong>Jinko Solar<\/strong>, <strong>Cavala Soluciones Sostenibles<\/strong>, <strong>ENSO<\/strong>, <strong>Biochar del Sur<\/strong> y <strong>Nedgia (Grupo Naturgy)<\/strong>, cuya implicaci\u00f3n refuerza el valor del congreso como foro de negocio para el entorno rural.\u00a0<\/p><\/blockquote><\/figure>\n\n\n\n<p><strong>Fecha:<\/strong> 15 de septiembre de 2026<br><strong>Lugar:<\/strong> Espacio Caminos, Calle Almagro 42, Madrid<br><strong>Informaci\u00f3n e inscripciones:<\/strong><a href=\"https:\/\/agrogenera2026.fincalista.com\/#\/entradas?lang=es\"> https:\/\/agrogenera2026.fincalista.com\/<\/a><\/p>\n\n\n\n<h3 class=\"wp-block-heading\">Sobre Fincalista<\/h3>\n\n\n\n<p>Fincalista es una plataforma especializada en suelo r\u00fastico, fincas y oportunidades vinculadas al territorio. A trav\u00e9s de AGROGENERA, impulsa un espacio profesional para conectar energ\u00eda, agricultura, financiaci\u00f3n y desarrollo rural en torno a proyectos viables y sostenibles.<\/p>\n\n\n\n<h3 class=\"wp-block-heading\">Contacto de prensa<\/h3>\n\n\n\n<p>Virginia Molina<br>Responsable de eventos<br>Fincalista<br><span \n                data-original-string=\"\/XC8\/saXolQqKqIrAkrYPpTlJLqGwD455abIkmCNH5E=\"\n                class=\"apbct-email-encoder\"\n                title=\"This contact has been encoded by Anti-Spam by CleanTalk. Click to decode. To finish the decoding make sure that JavaScript is enabled in your browser.\">vm*****@fi********.com<\/span><br>+34 687 70 78 71<\/p>\n\n\n\n<div class=\"wp-block-buttons is-layout-flex wp-block-buttons-is-layout-flex\"><\/div>\n","protected":false},"excerpt":{"rendered":"<p>AGROGENERA regresa a Madrid el pr\u00f3ximo 15 de septiembre en el Espacio Caminos para consolidarse como el encuentro especializado en la convergencia entre la transici\u00f3n energ\u00e9tica, las finanzas y el desarrollo del suelo r\u00fastico. El congreso, una iniciativa de Fincalista, se consolida como un punto de encuentro profesional para analizar c\u00f3mo compatibilizar generaci\u00f3n renovable, actividad <\/p>\n<div class=\"housey-read-more-link-wrap\"><a class=\"housey-read-more-link\" href=\"https:\/\/fincalista.com\/blog\/agrogenera-2026-nota-de-prensa\/\">Read More<\/a><\/div>\n","protected":false},"author":1602,"featured_media":13884,"comment_status":"open","ping_status":"open","sticky":false,"template":"","format":"standard","meta":{"_eb_attr":"","footnotes":"[]"},"categories":[1],"tags":[],"yoast_head":"<!-- This site is optimized with the Yoast SEO plugin v21.8 - https:\/\/yoast.com\/wordpress\/plugins\/seo\/ -->\n<title>AGROGENERA 2026 reunir\u00e1 en Madrid al sector agroenerg\u00e9tico para impulsar proyectos en el medio rural - Fincalista<\/title>\n<meta name=\"description\" content=\"Llega AGROGENERA 2026 a Madrid. El evento profesional de Fincalista sobre agrivoltaica, biometano y financiaci\u00f3n rural. \u00a1Consigue tu entrada!\" \/>\n<meta name=\"robots\" content=\"index, follow, max-snippet:-1, max-image-preview:large, max-video-preview:-1\" \/>\n<link rel=\"canonical\" href=\"https:\/\/fincalista.com\/blog\/agrogenera-2026-nota-de-prensa\/\" \/>\n<meta property=\"og:locale\" content=\"es_ES\" \/>\n<meta property=\"og:type\" content=\"article\" \/>\n<meta property=\"og:title\" content=\"AGROGENERA 2026 reunir\u00e1 en Madrid al sector agroenerg\u00e9tico para impulsar proyectos en el medio rural - Fincalista\" \/>\n<meta property=\"og:description\" content=\"Llega AGROGENERA 2026 a Madrid. El evento profesional de Fincalista sobre agrivoltaica, biometano y financiaci\u00f3n rural. \u00a1Consigue tu entrada!\" \/>\n<meta property=\"og:url\" content=\"https:\/\/fincalista.com\/blog\/agrogenera-2026-nota-de-prensa\/\" \/>\n<meta property=\"og:site_name\" content=\"Fincalista\" \/>\n<meta property=\"article:publisher\" content=\"https:\/\/www.facebook.com\/fincalista\/\" \/>\n<meta property=\"article:published_time\" content=\"2026-08-31T14:34:54+00:00\" \/>\n<meta property=\"article:modified_time\" content=\"2026-08-31T14:34:55+00:00\" \/>\n<meta property=\"og:image\" content=\"https:\/\/s3-fincalista.s3.eu-west-1.amazonaws.com\/blog\/wp-content\/uploads\/2026\/08\/31144640\/Traseras-Agrogenera-2026.png\" \/>\n\t<meta property=\"og:image:width\" content=\"2304\" \/>\n\t<meta property=\"og:image:height\" content=\"1296\" \/>\n\t<meta property=\"og:image:type\" content=\"image\/png\" \/>\n<meta name=\"author\" content=\"Mar\u00eda\" \/>\n<meta name=\"twitter:card\" content=\"summary_large_image\" \/>\n<meta name=\"twitter:label1\" content=\"Escrito por\" \/>\n\t<meta name=\"twitter:data1\" content=\"Mar\u00eda\" \/>\n\t<meta name=\"twitter:label2\" content=\"Tiempo de lectura\" \/>\n\t<meta name=\"twitter:data2\" content=\"4 minutos\" \/>\n<script type=\"application\/ld+json\" class=\"yoast-schema-graph\">{\"@context\":\"https:\/\/schema.org\",\"@graph\":[{\"@type\":\"Article\",\"@id\":\"https:\/\/fincalista.com\/blog\/agrogenera-2026-nota-de-prensa\/#article\",\"isPartOf\":{\"@id\":\"https:\/\/fincalista.com\/blog\/agrogenera-2026-nota-de-prensa\/\"},\"author\":{\"name\":\"Mar\u00eda\",\"@id\":\"https:\/\/fincalista.com\/blog\/#\/schema\/person\/ad4c1cf3f0b1d2c4a92f4db8304a077e\"},\"headline\":\"AGROGENERA 2026 reunir\u00e1 en Madrid al sector agroenerg\u00e9tico para impulsar proyectos en el medio rural\",\"datePublished\":\"2026-08-31T14:34:54+00:00\",\"dateModified\":\"2026-08-31T14:34:55+00:00\",\"mainEntityOfPage\":{\"@id\":\"https:\/\/fincalista.com\/blog\/agrogenera-2026-nota-de-prensa\/\"},\"wordCount\":888,\"commentCount\":0,\"publisher\":{\"@id\":\"https:\/\/fincalista.com\/blog\/#organization\"},\"articleSection\":[\"Noticias\"],\"inLanguage\":\"es\",\"potentialAction\":[{\"@type\":\"CommentAction\",\"name\":\"Comment\",\"target\":[\"https:\/\/fincalista.com\/blog\/agrogenera-2026-nota-de-prensa\/#respond\"]}]},{\"@type\":\"WebPage\",\"@id\":\"https:\/\/fincalista.com\/blog\/agrogenera-2026-nota-de-prensa\/\",\"url\":\"https:\/\/fincalista.com\/blog\/agrogenera-2026-nota-de-prensa\/\",\"name\":\"AGROGENERA 2026 reunir\u00e1 en Madrid al sector agroenerg\u00e9tico para impulsar proyectos en el medio rural - Fincalista\",\"isPartOf\":{\"@id\":\"https:\/\/fincalista.com\/blog\/#website\"},\"datePublished\":\"2026-08-31T14:34:54+00:00\",\"dateModified\":\"2026-08-31T14:34:55+00:00\",\"description\":\"Llega AGROGENERA 2026 a Madrid. El evento profesional de Fincalista sobre agrivoltaica, biometano y financiaci\u00f3n rural. \u00a1Consigue tu entrada!\",\"breadcrumb\":{\"@id\":\"https:\/\/fincalista.com\/blog\/agrogenera-2026-nota-de-prensa\/#breadcrumb\"},\"inLanguage\":\"es\",\"potentialAction\":[{\"@type\":\"ReadAction\",\"target\":[\"https:\/\/fincalista.com\/blog\/agrogenera-2026-nota-de-prensa\/\"]}]},{\"@type\":\"BreadcrumbList\",\"@id\":\"https:\/\/fincalista.com\/blog\/agrogenera-2026-nota-de-prensa\/#breadcrumb\",\"itemListElement\":[{\"@type\":\"ListItem\",\"position\":1,\"name\":\"Portada\",\"item\":\"https:\/\/fincalista.com\/blog\/\"},{\"@type\":\"ListItem\",\"position\":2,\"name\":\"AGROGENERA 2026 reunir\u00e1 en Madrid al sector agroenerg\u00e9tico para impulsar proyectos en el medio rural\"}]},{\"@type\":\"WebSite\",\"@id\":\"https:\/\/fincalista.com\/blog\/#website\",\"url\":\"https:\/\/fincalista.com\/blog\/\",\"name\":\"Fincalista\",\"description\":\"Fincas r\u00fasticas en venta en Espa\u00f1a y Portugal\",\"publisher\":{\"@id\":\"https:\/\/fincalista.com\/blog\/#organization\"},\"potentialAction\":[{\"@type\":\"SearchAction\",\"target\":{\"@type\":\"EntryPoint\",\"urlTemplate\":\"https:\/\/fincalista.com\/blog\/?s={search_term_string}\"},\"query-input\":\"required name=search_term_string\"}],\"inLanguage\":\"es\"},{\"@type\":\"Organization\",\"@id\":\"https:\/\/fincalista.com\/blog\/#organization\",\"name\":\"Fincalista\",\"url\":\"https:\/\/fincalista.com\/blog\/\",\"logo\":{\"@type\":\"ImageObject\",\"inLanguage\":\"es\",\"@id\":\"https:\/\/fincalista.com\/blog\/#\/schema\/logo\/image\/\",\"url\":\"https:\/\/fincalista.com\/blog\/wp-content\/uploads\/2024\/01\/logo-fincalista-3.webp\",\"contentUrl\":\"https:\/\/fincalista.com\/blog\/wp-content\/uploads\/2024\/01\/logo-fincalista-3.webp\",\"width\":230,\"height\":41,\"caption\":\"Fincalista\"},\"image\":{\"@id\":\"https:\/\/fincalista.com\/blog\/#\/schema\/logo\/image\/\"},\"sameAs\":[\"https:\/\/www.facebook.com\/fincalista\/\",\"https:\/\/www.instagram.com\/fincalista\/\",\"https:\/\/www.linkedin.com\/company\/fincalista\/\"]},{\"@type\":\"Person\",\"@id\":\"https:\/\/fincalista.com\/blog\/#\/schema\/person\/ad4c1cf3f0b1d2c4a92f4db8304a077e\",\"name\":\"Mar\u00eda\",\"image\":{\"@type\":\"ImageObject\",\"inLanguage\":\"es\",\"@id\":\"https:\/\/fincalista.com\/blog\/#\/schema\/person\/image\/\",\"url\":\"https:\/\/secure.gravatar.com\/avatar\/ac1ac65ca7f64ff208e06975853642d4?s=96&d=mm&r=g\",\"contentUrl\":\"https:\/\/secure.gravatar.com\/avatar\/ac1ac65ca7f64ff208e06975853642d4?s=96&d=mm&r=g\",\"caption\":\"Mar\u00eda\"},\"url\":\"https:\/\/fincalista.com\/blog\/author\/mlominchar\/\"}]}<\/script>\n<!-- \/ Yoast SEO plugin. -->","yoast_head_json":{"title":"AGROGENERA 2026 reunir\u00e1 en Madrid al sector agroenerg\u00e9tico para impulsar proyectos en el medio rural - Fincalista","description":"Llega AGROGENERA 2026 a Madrid. El evento profesional de Fincalista sobre agrivoltaica, biometano y financiaci\u00f3n rural. \u00a1Consigue tu entrada!","robots":{"index":"index","follow":"follow","max-snippet":"max-snippet:-1","max-image-preview":"max-image-preview:large","max-video-preview":"max-video-preview:-1"},"canonical":"https:\/\/fincalista.com\/blog\/agrogenera-2026-nota-de-prensa\/","og_locale":"es_ES","og_type":"article","og_title":"AGROGENERA 2026 reunir\u00e1 en Madrid al sector agroenerg\u00e9tico para impulsar proyectos en el medio rural - Fincalista","og_description":"Llega AGROGENERA 2026 a Madrid. El evento profesional de Fincalista sobre agrivoltaica, biometano y financiaci\u00f3n rural. \u00a1Consigue tu entrada!","og_url":"https:\/\/fincalista.com\/blog\/agrogenera-2026-nota-de-prensa\/","og_site_name":"Fincalista","article_publisher":"https:\/\/www.facebook.com\/fincalista\/","article_published_time":"2026-08-31T14:34:54+00:00","article_modified_time":"2026-08-31T14:34:55+00:00","og_image":[{"width":2304,"height":1296,"url":"https:\/\/s3-fincalista.s3.eu-west-1.amazonaws.com\/blog\/wp-content\/uploads\/2026\/08\/31144640\/Traseras-Agrogenera-2026.png","type":"image\/png"}],"author":"Mar\u00eda","twitter_card":"summary_large_image","twitter_misc":{"Escrito por":"Mar\u00eda","Tiempo de lectura":"4 minutos"},"schema":{"@context":"https:\/\/schema.org","@graph":[{"@type":"Article","@id":"https:\/\/fincalista.com\/blog\/agrogenera-2026-nota-de-prensa\/#article","isPartOf":{"@id":"https:\/\/fincalista.com\/blog\/agrogenera-2026-nota-de-prensa\/"},"author":{"name":"Mar\u00eda","@id":"https:\/\/fincalista.com\/blog\/#\/schema\/person\/ad4c1cf3f0b1d2c4a92f4db8304a077e"},"headline":"AGROGENERA 2026 reunir\u00e1 en Madrid al sector agroenerg\u00e9tico para impulsar proyectos en el medio rural","datePublished":"2026-08-31T14:34:54+00:00","dateModified":"2026-08-31T14:34:55+00:00","mainEntityOfPage":{"@id":"https:\/\/fincalista.com\/blog\/agrogenera-2026-nota-de-prensa\/"},"wordCount":888,"commentCount":0,"publisher":{"@id":"https:\/\/fincalista.com\/blog\/#organization"},"articleSection":["Noticias"],"inLanguage":"es","potentialAction":[{"@type":"CommentAction","name":"Comment","target":["https:\/\/fincalista.com\/blog\/agrogenera-2026-nota-de-prensa\/#respond"]}]},{"@type":"WebPage","@id":"https:\/\/fincalista.com\/blog\/agrogenera-2026-nota-de-prensa\/","url":"https:\/\/fincalista.com\/blog\/agrogenera-2026-nota-de-prensa\/","name":"AGROGENERA 2026 reunir\u00e1 en Madrid al sector agroenerg\u00e9tico para impulsar proyectos en el medio rural - Fincalista","isPartOf":{"@id":"https:\/\/fincalista.com\/blog\/#website"},"datePublished":"2026-08-31T14:34:54+00:00","dateModified":"2026-08-31T14:34:55+00:00","description":"Llega AGROGENERA 2026 a Madrid. El evento profesional de Fincalista sobre agrivoltaica, biometano y financiaci\u00f3n rural. \u00a1Consigue tu entrada!","breadcrumb":{"@id":"https:\/\/fincalista.com\/blog\/agrogenera-2026-nota-de-prensa\/#breadcrumb"},"inLanguage":"es","potentialAction":[{"@type":"ReadAction","target":["https:\/\/fincalista.com\/blog\/agrogenera-2026-nota-de-prensa\/"]}]},{"@type":"BreadcrumbList","@id":"https:\/\/fincalista.com\/blog\/agrogenera-2026-nota-de-prensa\/#breadcrumb","itemListElement":[{"@type":"ListItem","position":1,"name":"Portada","item":"https:\/\/fincalista.com\/blog\/"},{"@type":"ListItem","position":2,"name":"AGROGENERA 2026 reunir\u00e1 en Madrid al sector agroenerg\u00e9tico para impulsar proyectos en el medio rural"}]},{"@type":"WebSite","@id":"https:\/\/fincalista.com\/blog\/#website","url":"https:\/\/fincalista.com\/blog\/","name":"Fincalista","description":"Fincas r\u00fasticas en venta en Espa\u00f1a y Portugal","publisher":{"@id":"https:\/\/fincalista.com\/blog\/#organization"},"potentialAction":[{"@type":"SearchAction","target":{"@type":"EntryPoint","urlTemplate":"https:\/\/fincalista.com\/blog\/?s={search_term_string}"},"query-input":"required name=search_term_string"}],"inLanguage":"es"},{"@type":"Organization","@id":"https:\/\/fincalista.com\/blog\/#organization","name":"Fincalista","url":"https:\/\/fincalista.com\/blog\/","logo":{"@type":"ImageObject","inLanguage":"es","@id":"https:\/\/fincalista.com\/blog\/#\/schema\/logo\/image\/","url":"https:\/\/fincalista.com\/blog\/wp-content\/uploads\/2024\/01\/logo-fincalista-3.webp","contentUrl":"https:\/\/fincalista.com\/blog\/wp-content\/uploads\/2024\/01\/logo-fincalista-3.webp","width":230,"height":41,"caption":"Fincalista"},"image":{"@id":"https:\/\/fincalista.com\/blog\/#\/schema\/logo\/image\/"},"sameAs":["https:\/\/www.facebook.com\/fincalista\/","https:\/\/www.instagram.com\/fincalista\/","https:\/\/www.linkedin.com\/company\/fincalista\/"]},{"@type":"Person","@id":"https:\/\/fincalista.com\/blog\/#\/schema\/person\/ad4c1cf3f0b1d2c4a92f4db8304a077e","name":"Mar\u00eda","image":{"@type":"ImageObject","inLanguage":"es","@id":"https:\/\/fincalista.com\/blog\/#\/schema\/person\/image\/","url":"https:\/\/secure.gravatar.com\/avatar\/ac1ac65ca7f64ff208e06975853642d4?s=96&d=mm&r=g","contentUrl":"https:\/\/secure.gravatar.com\/avatar\/ac1ac65ca7f64ff208e06975853642d4?s=96&d=mm&r=g","caption":"Mar\u00eda"},"url":"https:\/\/fincalista.com\/blog\/author\/mlominchar\/"}]}},"_links":{"self":[{"href":"https:\/\/fincalista.com\/blog\/wp-json\/wp\/v2\/posts\/13882"}],"collection":[{"href":"https:\/\/fincalista.com\/blog\/wp-json\/wp\/v2\/posts"}],"about":[{"href":"https:\/\/fincalista.com\/blog\/wp-json\/wp\/v2\/types\/post"}],"author":[{"embeddable":true,"href":"https:\/\/fincalista.com\/blog\/wp-json\/wp\/v2\/users\/1602"}],"replies":[{"embeddable":true,"href":"https:\/\/fincalista.com\/blog\/wp-json\/wp\/v2\/comments?post=13882"}],"version-history":[{"count":5,"href":"https:\/\/fincalista.com\/blog\/wp-json\/wp\/v2\/posts\/13882\/revisions"}],"predecessor-version":[{"id":13888,"href":"https:\/\/fincalista.com\/blog\/wp-json\/wp\/v2\/posts\/13882\/revisions\/13888"}],"wp:featuredmedia":[{"embeddable":true,"href":"https:\/\/fincalista.com\/blog\/wp-json\/wp\/v2\/media\/13884"}],"wp:attachment":[{"href":"https:\/\/fincalista.com\/blog\/wp-json\/wp\/v2\/media?parent=13882"}],"wp:term":[{"taxonomy":"category","embeddable":true,"href":"https:\/\/fincalista.com\/blog\/wp-json\/wp\/v2\/categories?post=13882"},{"taxonomy":"post_tag","embeddable":true,"href":"https:\/\/fincalista.com\/blog\/wp-json\/wp\/v2\/tags?post=13882"}],"curies":[{"name":"wp","href":"https:\/\/api.w.org\/{rel}","templated":true}]}}