{"id":12727,"date":"2025-02-24T07:44:14","date_gmt":"2025-02-24T06:44:14","guid":{"rendered":"https:\/\/fincalista.com\/blog\/?p=12727"},"modified":"2025-02-24T07:44:15","modified_gmt":"2025-02-24T06:44:15","slug":"la-inversion-en-suelo-rustico-fue-el-eje-central-del-iii-congreso-iberico-de-fincas-rusticas","status":"publish","type":"post","link":"https:\/\/fincalista.com\/blog\/la-inversion-en-suelo-rustico-fue-el-eje-central-del-iii-congreso-iberico-de-fincas-rusticas\/","title":{"rendered":"La inversi\u00f3n en suelo r\u00fastico fue el eje central del III Congreso Ib\u00e9rico de Fincas R\u00fasticas (CIFIR)."},"content":{"rendered":"\t\t<div data-elementor-type=\"wp-post\" data-elementor-id=\"12727\" class=\"elementor elementor-12727\">\n\t\t\t\t\t\t\t\t\t<section class=\"elementor-section elementor-top-section elementor-element elementor-element-84c03c0 elementor-section-boxed elementor-section-height-default elementor-section-height-default\" data-id=\"84c03c0\" data-element_type=\"section\">\n\t\t\t\t\t\t<div class=\"elementor-container elementor-column-gap-default\">\n\t\t\t\t\t<div class=\"elementor-column elementor-col-100 elementor-top-column elementor-element elementor-element-5b42dc1c\" data-id=\"5b42dc1c\" data-element_type=\"column\">\n\t\t\t<div class=\"elementor-widget-wrap elementor-element-populated\">\n\t\t\t\t\t\t\t\t<div class=\"elementor-element elementor-element-2b66f687 elementor-widget elementor-widget-text-editor\" data-id=\"2b66f687\" data-element_type=\"widget\" data-widget_type=\"text-editor.default\">\n\t\t\t\t<div class=\"elementor-widget-container\">\n\t\t\t\t\t\t\t<p><!-- wp:paragraph --><\/p>\n<div class=\"flex max-w-full flex-col flex-grow\">\n<div class=\"min-h-[20px] text-message flex w-full flex-col items-end gap-2 whitespace-normal break-words [.text-message+&amp;]:mt-5\" dir=\"auto\" data-message-author-role=\"assistant\" data-message-id=\"a0541184-a55f-459a-8bfa-3d549c62c23a\">\n<div class=\"flex w-full flex-col gap-1 empty:hidden first:pt-[3px]\">\n<div class=\"markdown prose w-full break-words dark:prose-invert light\">\n<h1 class=\"reader-article-header__title\" dir=\"ltr\">La inversi\u00f3n en suelo r\u00fastico fue el eje central del III Congreso Ib\u00e9rico de Fincas R\u00fasticas (CIFIR).<\/h1>\n<\/div>\n<\/div>\n<\/div>\n<\/div>\n<p data-start=\"0\" data-end=\"289\">La inversi\u00f3n alternativa ha convertido al <strong>sector agrario<\/strong> en un activo atractivo para los inversores en los \u00faltimos a\u00f1os. Desde 2020, el valor de la tierra ha aumentado un 41%, mientras que el IBEX ha registrado una ca\u00edda del 10%, consolid\u00e1ndose como una inversi\u00f3n segura y diversificada.<\/p>\n<p data-start=\"291\" data-end=\"510\">El <strong>suelo r\u00fastico<\/strong> en Espa\u00f1a enfrenta desaf\u00edos clave, como el cambio clim\u00e1tico y la falta de relevo generacional, pero tambi\u00e9n presenta grandes oportunidades impulsadas por la digitalizaci\u00f3n y la innovaci\u00f3n tecnol\u00f3gica.<\/p>\n<p data-start=\"512\" data-end=\"920\">El foro incluy\u00f3 mesas redondas y talleres enfocados en los retos y oportunidades del sector, abordando temas como la agricultura regenerativa, la gesti\u00f3n de riesgos, nuevas estrategias de comercializaci\u00f3n directa y modelos de financiaci\u00f3n alternativos como el <em data-start=\"772\" data-end=\"789\">venture capital<\/em> y el <em data-start=\"795\" data-end=\"809\">crowdfunding<\/em>. Fue, sin duda, un espacio clave para analizar las oportunidades emergentes de inversi\u00f3n en el \u00e1mbito rural.<\/p>\n<p data-start=\"922\" data-end=\"1047\" data-is-last-node=\"\" data-is-only-node=\"\">Todo ello con la participaci\u00f3n de expertos de sectores como el inmobiliario, el agroalimentario y el financiero, entre otros.<\/p>\n<h2 data-start=\"922\" data-end=\"1047\">CIFIR 2025: Un punto de encuentro clave para el sector rural<\/h2>\n<p>El <strong>Congreso Ib\u00e9rico de Fincas R\u00fasticas (CIFIR)<\/strong> regres\u00f3 con una edici\u00f3n que ha sido todo un referente en el \u00e1mbito de la inversi\u00f3n y gesti\u00f3n del <strong>suelo r\u00fastico<\/strong>. Este evento, que ha conseguido reunir a m\u00e1s de 700 profesionales en ediciones anteriores, se ha consolidado como una cita imprescindible para agricultores, agr\u00f3nomos, agencias inmobiliarias, propietarios de activos, tasadores e inversores interesados en el valor del suelo rural.<\/p>\n<h2 data-start=\"576\" data-end=\"632\"><strong data-start=\"579\" data-end=\"630\">Una mesa redonda con l\u00edderes del sector p\u00fablico<\/strong><\/h2>\n<p data-start=\"634\" data-end=\"808\">Entre las novedades del CIFIR 2025, destaca la mesa redonda sobre el papel de las administraciones p\u00fablicas en el desarrollo rural. En ella participaron figuras clave como:<\/p>\n<ul data-start=\"810\" data-end=\"1235\">\n<li data-start=\"810\" data-end=\"912\"><strong data-start=\"812\" data-end=\"830\">Carlos Novillo<\/strong>, consejero de Medio Ambiente, Agricultura e Interior de la Comunidad de Madrid.<\/li>\n<li data-start=\"913\" data-end=\"1010\"><strong data-start=\"915\" data-end=\"932\">Javier Rinc\u00f3n<\/strong>, consejero de Agricultura, Ganader\u00eda y Alimentaci\u00f3n del Gobierno de Arag\u00f3n.<\/li>\n<li data-start=\"1011\" data-end=\"1123\"><strong data-start=\"1013\" data-end=\"1033\">Consolaci\u00f3n Vera<\/strong>, viceconsejera de Agricultura, Pesca, Agua y Desarrollo Rural de la Junta de Andaluc\u00eda.<\/li>\n<li data-start=\"1124\" data-end=\"1235\"><strong data-start=\"1126\" data-end=\"1144\">Mercedes Mor\u00e1n<\/strong>, consejera de Agricultura, Ganader\u00eda y Desarrollo Sostenible de la Junta de Extremadura.<\/li>\n<\/ul>\n<p data-start=\"1237\" data-end=\"1476\">La moderaci\u00f3n estuvo a cargo de <strong data-start=\"746\" data-end=\"761\">Lorena Ruiz<\/strong>, directora de Negocio Agroalimentario de Banco Santander Espa\u00f1a, quien garantiz\u00f3 un debate enriquecedor sobre el futuro del <strong>desarrollo rural<\/strong> y el papel de las pol\u00edticas p\u00fablicas en su impulso.<\/p>\n<h2 data-start=\"2091\" data-end=\"2116\"><strong data-start=\"2094\" data-end=\"2114\">Sobre Fincalista<\/strong><\/h2>\n<p data-start=\"2118\" data-end=\"2448\"><a href=\"https:\/\/fincalista.com\/\">Fincalista <\/a>es el <strong>portal l\u00edder en la compraventa y arrendamiento de fincas<\/strong> y terrenos en Espa\u00f1a y Portugal. Con miles de propiedades categorizadas por tipo y ubicaci\u00f3n, y m\u00e1s de 45.000 usuarios activos mensuales, se ha convertido en la plataforma de referencia para quienes buscan oportunidades en el sector inmobiliario r\u00fastico.<\/p>\n<p><a href=\"https:\/\/fincalista.com\/\"><strong>Fincalista<\/strong><\/a> te ayuda en cada paso del camino, ofreciendo una amplia selecci\u00f3n de fincas y asesoramiento para que encuentres tu <strong>finca r\u00fastica perfecta. <\/strong><\/p>\n<p>Visita <a href=\"https:\/\/fincalista.com\/\">nuestra web<\/a> o <a href=\"https:\/\/apps.apple.com\/au\/app\/fincalista\/id1672060262\">descarga nuestra app<\/a> y comienza tu b\u00fasqueda hoy mismo.<\/p>\n<p><!-- \/wp:paragraph --><\/p>\t\t\t\t\t\t<\/div>\n\t\t\t\t<\/div>\n\t\t\t\t\t<\/div>\n\t\t<\/div>\n\t\t\t\t\t\t\t<\/div>\n\t\t<\/section>\n\t\t\t\t\t\t\t<\/div>\n\t\t","protected":false},"excerpt":{"rendered":"<p>La inversi\u00f3n en suelo r\u00fastico fue el eje central del III Congreso Ib\u00e9rico de Fincas R\u00fasticas (CIFIR).  <\/p>\n<div class=\"housey-read-more-link-wrap\"><a class=\"housey-read-more-link\" href=\"https:\/\/fincalista.com\/blog\/la-inversion-en-suelo-rustico-fue-el-eje-central-del-iii-congreso-iberico-de-fincas-rusticas\/\">Read More<\/a><\/div>\n","protected":false},"author":261,"featured_media":12732,"comment_status":"open","ping_status":"open","sticky":false,"template":"","format":"standard","meta":{"_eb_attr":"","footnotes":""},"categories":[1,660],"tags":[309,654],"yoast_head":"<!-- This site is optimized with the Yoast SEO plugin v21.8 - https:\/\/yoast.com\/wordpress\/plugins\/seo\/ -->\n<title>La inversi\u00f3n en suelo r\u00fastico fue el eje central del III Congreso Ib\u00e9rico de Fincas R\u00fasticas (CIFIR). - Fincalista<\/title>\n<meta name=\"description\" content=\"La inversi\u00f3n en suelo r\u00fastico fue el eje central del III Congreso Ib\u00e9rico de Fincas R\u00fasticas (CIFIR). Sigue leyendo para saber mas\" \/>\n<meta name=\"robots\" content=\"index, follow, max-snippet:-1, max-image-preview:large, max-video-preview:-1\" \/>\n<link rel=\"canonical\" href=\"https:\/\/fincalista.com\/blog\/la-inversion-en-suelo-rustico-fue-el-eje-central-del-iii-congreso-iberico-de-fincas-rusticas\/\" \/>\n<meta property=\"og:locale\" content=\"es_ES\" \/>\n<meta property=\"og:type\" content=\"article\" \/>\n<meta property=\"og:title\" content=\"La inversi\u00f3n en suelo r\u00fastico fue el eje central del III Congreso Ib\u00e9rico de Fincas R\u00fasticas (CIFIR). - Fincalista\" \/>\n<meta property=\"og:description\" content=\"La inversi\u00f3n en suelo r\u00fastico fue el eje central del III Congreso Ib\u00e9rico de Fincas R\u00fasticas (CIFIR). Sigue leyendo para saber mas\" \/>\n<meta property=\"og:url\" content=\"https:\/\/fincalista.com\/blog\/la-inversion-en-suelo-rustico-fue-el-eje-central-del-iii-congreso-iberico-de-fincas-rusticas\/\" \/>\n<meta property=\"og:site_name\" content=\"Fincalista\" \/>\n<meta property=\"article:publisher\" content=\"https:\/\/www.facebook.com\/fincalista\/\" \/>\n<meta property=\"article:published_time\" content=\"2025-02-24T06:44:14+00:00\" \/>\n<meta property=\"article:modified_time\" content=\"2025-02-24T06:44:15+00:00\" \/>\n<meta property=\"og:image\" content=\"https:\/\/fincalista.com\/blog\/wp-content\/uploads\/2025\/02\/blog-oc00051.jpg\" \/>\n\t<meta property=\"og:image:width\" content=\"2240\" \/>\n\t<meta property=\"og:image:height\" content=\"1260\" \/>\n\t<meta property=\"og:image:type\" content=\"image\/jpeg\" \/>\n<meta name=\"author\" content=\"Virginia Molina\" \/>\n<meta name=\"twitter:card\" content=\"summary_large_image\" \/>\n<meta name=\"twitter:label1\" content=\"Escrito por\" \/>\n\t<meta name=\"twitter:data1\" content=\"Virginia Molina\" \/>\n\t<meta name=\"twitter:label2\" content=\"Tiempo de lectura\" \/>\n\t<meta name=\"twitter:data2\" content=\"3 minutos\" \/>\n<script type=\"application\/ld+json\" class=\"yoast-schema-graph\">{\"@context\":\"https:\/\/schema.org\",\"@graph\":[{\"@type\":\"Article\",\"@id\":\"https:\/\/fincalista.com\/blog\/la-inversion-en-suelo-rustico-fue-el-eje-central-del-iii-congreso-iberico-de-fincas-rusticas\/#article\",\"isPartOf\":{\"@id\":\"https:\/\/fincalista.com\/blog\/la-inversion-en-suelo-rustico-fue-el-eje-central-del-iii-congreso-iberico-de-fincas-rusticas\/\"},\"author\":{\"name\":\"Virginia Molina\",\"@id\":\"https:\/\/fincalista.com\/blog\/#\/schema\/person\/81a9ceedaf24eb3c3283ad5ee6386743\"},\"headline\":\"La inversi\u00f3n en suelo r\u00fastico fue el eje central del III Congreso Ib\u00e9rico de Fincas R\u00fasticas (CIFIR).\",\"datePublished\":\"2025-02-24T06:44:14+00:00\",\"dateModified\":\"2025-02-24T06:44:15+00:00\",\"mainEntityOfPage\":{\"@id\":\"https:\/\/fincalista.com\/blog\/la-inversion-en-suelo-rustico-fue-el-eje-central-del-iii-congreso-iberico-de-fincas-rusticas\/\"},\"wordCount\":534,\"commentCount\":0,\"publisher\":{\"@id\":\"https:\/\/fincalista.com\/blog\/#organization\"},\"keywords\":[\"compraventa en fincas\",\"sector inmobiliario r\u00fastico\"],\"articleSection\":[\"Noticias\",\"Fincas R\u00fasticas en Venta\"],\"inLanguage\":\"es\",\"potentialAction\":[{\"@type\":\"CommentAction\",\"name\":\"Comment\",\"target\":[\"https:\/\/fincalista.com\/blog\/la-inversion-en-suelo-rustico-fue-el-eje-central-del-iii-congreso-iberico-de-fincas-rusticas\/#respond\"]}]},{\"@type\":\"WebPage\",\"@id\":\"https:\/\/fincalista.com\/blog\/la-inversion-en-suelo-rustico-fue-el-eje-central-del-iii-congreso-iberico-de-fincas-rusticas\/\",\"url\":\"https:\/\/fincalista.com\/blog\/la-inversion-en-suelo-rustico-fue-el-eje-central-del-iii-congreso-iberico-de-fincas-rusticas\/\",\"name\":\"La inversi\u00f3n en suelo r\u00fastico fue el eje central del III Congreso Ib\u00e9rico de Fincas R\u00fasticas (CIFIR). - Fincalista\",\"isPartOf\":{\"@id\":\"https:\/\/fincalista.com\/blog\/#website\"},\"datePublished\":\"2025-02-24T06:44:14+00:00\",\"dateModified\":\"2025-02-24T06:44:15+00:00\",\"description\":\"La inversi\u00f3n en suelo r\u00fastico fue el eje central del III Congreso Ib\u00e9rico de Fincas R\u00fasticas (CIFIR). Sigue leyendo para saber mas\",\"breadcrumb\":{\"@id\":\"https:\/\/fincalista.com\/blog\/la-inversion-en-suelo-rustico-fue-el-eje-central-del-iii-congreso-iberico-de-fincas-rusticas\/#breadcrumb\"},\"inLanguage\":\"es\",\"potentialAction\":[{\"@type\":\"ReadAction\",\"target\":[\"https:\/\/fincalista.com\/blog\/la-inversion-en-suelo-rustico-fue-el-eje-central-del-iii-congreso-iberico-de-fincas-rusticas\/\"]}]},{\"@type\":\"BreadcrumbList\",\"@id\":\"https:\/\/fincalista.com\/blog\/la-inversion-en-suelo-rustico-fue-el-eje-central-del-iii-congreso-iberico-de-fincas-rusticas\/#breadcrumb\",\"itemListElement\":[{\"@type\":\"ListItem\",\"position\":1,\"name\":\"Portada\",\"item\":\"https:\/\/fincalista.com\/blog\/\"},{\"@type\":\"ListItem\",\"position\":2,\"name\":\"La inversi\u00f3n en suelo r\u00fastico fue el eje central del III Congreso Ib\u00e9rico de Fincas R\u00fasticas (CIFIR).\"}]},{\"@type\":\"WebSite\",\"@id\":\"https:\/\/fincalista.com\/blog\/#website\",\"url\":\"https:\/\/fincalista.com\/blog\/\",\"name\":\"Fincalista\",\"description\":\"Fincas r\u00fasticas en venta en Espa\u00f1a y Portugal\",\"publisher\":{\"@id\":\"https:\/\/fincalista.com\/blog\/#organization\"},\"potentialAction\":[{\"@type\":\"SearchAction\",\"target\":{\"@type\":\"EntryPoint\",\"urlTemplate\":\"https:\/\/fincalista.com\/blog\/?s={search_term_string}\"},\"query-input\":\"required name=search_term_string\"}],\"inLanguage\":\"es\"},{\"@type\":\"Organization\",\"@id\":\"https:\/\/fincalista.com\/blog\/#organization\",\"name\":\"Fincalista\",\"url\":\"https:\/\/fincalista.com\/blog\/\",\"logo\":{\"@type\":\"ImageObject\",\"inLanguage\":\"es\",\"@id\":\"https:\/\/fincalista.com\/blog\/#\/schema\/logo\/image\/\",\"url\":\"https:\/\/fincalista.com\/blog\/wp-content\/uploads\/2024\/01\/logo-fincalista-3.webp\",\"contentUrl\":\"https:\/\/fincalista.com\/blog\/wp-content\/uploads\/2024\/01\/logo-fincalista-3.webp\",\"width\":230,\"height\":41,\"caption\":\"Fincalista\"},\"image\":{\"@id\":\"https:\/\/fincalista.com\/blog\/#\/schema\/logo\/image\/\"},\"sameAs\":[\"https:\/\/www.facebook.com\/fincalista\/\",\"https:\/\/www.instagram.com\/fincalista\/\",\"https:\/\/www.linkedin.com\/company\/fincalista\/\"]},{\"@type\":\"Person\",\"@id\":\"https:\/\/fincalista.com\/blog\/#\/schema\/person\/81a9ceedaf24eb3c3283ad5ee6386743\",\"name\":\"Virginia Molina\",\"image\":{\"@type\":\"ImageObject\",\"inLanguage\":\"es\",\"@id\":\"https:\/\/fincalista.com\/blog\/#\/schema\/person\/image\/\",\"url\":\"https:\/\/secure.gravatar.com\/avatar\/0005dfb333765be7ca4a782e37250d40?s=96&d=mm&r=g\",\"contentUrl\":\"https:\/\/secure.gravatar.com\/avatar\/0005dfb333765be7ca4a782e37250d40?s=96&d=mm&r=g\",\"caption\":\"Virginia Molina\"},\"url\":\"https:\/\/fincalista.com\/blog\/author\/virginiamolina\/\"}]}<\/script>\n<!-- \/ Yoast SEO plugin. -->","yoast_head_json":{"title":"La inversi\u00f3n en suelo r\u00fastico fue el eje central del III Congreso Ib\u00e9rico de Fincas R\u00fasticas (CIFIR). - Fincalista","description":"La inversi\u00f3n en suelo r\u00fastico fue el eje central del III Congreso Ib\u00e9rico de Fincas R\u00fasticas (CIFIR). Sigue leyendo para saber mas","robots":{"index":"index","follow":"follow","max-snippet":"max-snippet:-1","max-image-preview":"max-image-preview:large","max-video-preview":"max-video-preview:-1"},"canonical":"https:\/\/fincalista.com\/blog\/la-inversion-en-suelo-rustico-fue-el-eje-central-del-iii-congreso-iberico-de-fincas-rusticas\/","og_locale":"es_ES","og_type":"article","og_title":"La inversi\u00f3n en suelo r\u00fastico fue el eje central del III Congreso Ib\u00e9rico de Fincas R\u00fasticas (CIFIR). - Fincalista","og_description":"La inversi\u00f3n en suelo r\u00fastico fue el eje central del III Congreso Ib\u00e9rico de Fincas R\u00fasticas (CIFIR). Sigue leyendo para saber mas","og_url":"https:\/\/fincalista.com\/blog\/la-inversion-en-suelo-rustico-fue-el-eje-central-del-iii-congreso-iberico-de-fincas-rusticas\/","og_site_name":"Fincalista","article_publisher":"https:\/\/www.facebook.com\/fincalista\/","article_published_time":"2025-02-24T06:44:14+00:00","article_modified_time":"2025-02-24T06:44:15+00:00","og_image":[{"width":2240,"height":1260,"url":"https:\/\/fincalista.com\/blog\/wp-content\/uploads\/2025\/02\/blog-oc00051.jpg","type":"image\/jpeg"}],"author":"Virginia Molina","twitter_card":"summary_large_image","twitter_misc":{"Escrito por":"Virginia Molina","Tiempo de lectura":"3 minutos"},"schema":{"@context":"https:\/\/schema.org","@graph":[{"@type":"Article","@id":"https:\/\/fincalista.com\/blog\/la-inversion-en-suelo-rustico-fue-el-eje-central-del-iii-congreso-iberico-de-fincas-rusticas\/#article","isPartOf":{"@id":"https:\/\/fincalista.com\/blog\/la-inversion-en-suelo-rustico-fue-el-eje-central-del-iii-congreso-iberico-de-fincas-rusticas\/"},"author":{"name":"Virginia Molina","@id":"https:\/\/fincalista.com\/blog\/#\/schema\/person\/81a9ceedaf24eb3c3283ad5ee6386743"},"headline":"La inversi\u00f3n en suelo r\u00fastico fue el eje central del III Congreso Ib\u00e9rico de Fincas R\u00fasticas (CIFIR).","datePublished":"2025-02-24T06:44:14+00:00","dateModified":"2025-02-24T06:44:15+00:00","mainEntityOfPage":{"@id":"https:\/\/fincalista.com\/blog\/la-inversion-en-suelo-rustico-fue-el-eje-central-del-iii-congreso-iberico-de-fincas-rusticas\/"},"wordCount":534,"commentCount":0,"publisher":{"@id":"https:\/\/fincalista.com\/blog\/#organization"},"keywords":["compraventa en fincas","sector inmobiliario r\u00fastico"],"articleSection":["Noticias","Fincas R\u00fasticas en Venta"],"inLanguage":"es","potentialAction":[{"@type":"CommentAction","name":"Comment","target":["https:\/\/fincalista.com\/blog\/la-inversion-en-suelo-rustico-fue-el-eje-central-del-iii-congreso-iberico-de-fincas-rusticas\/#respond"]}]},{"@type":"WebPage","@id":"https:\/\/fincalista.com\/blog\/la-inversion-en-suelo-rustico-fue-el-eje-central-del-iii-congreso-iberico-de-fincas-rusticas\/","url":"https:\/\/fincalista.com\/blog\/la-inversion-en-suelo-rustico-fue-el-eje-central-del-iii-congreso-iberico-de-fincas-rusticas\/","name":"La inversi\u00f3n en suelo r\u00fastico fue el eje central del III Congreso Ib\u00e9rico de Fincas R\u00fasticas (CIFIR). - Fincalista","isPartOf":{"@id":"https:\/\/fincalista.com\/blog\/#website"},"datePublished":"2025-02-24T06:44:14+00:00","dateModified":"2025-02-24T06:44:15+00:00","description":"La inversi\u00f3n en suelo r\u00fastico fue el eje central del III Congreso Ib\u00e9rico de Fincas R\u00fasticas (CIFIR). Sigue leyendo para saber mas","breadcrumb":{"@id":"https:\/\/fincalista.com\/blog\/la-inversion-en-suelo-rustico-fue-el-eje-central-del-iii-congreso-iberico-de-fincas-rusticas\/#breadcrumb"},"inLanguage":"es","potentialAction":[{"@type":"ReadAction","target":["https:\/\/fincalista.com\/blog\/la-inversion-en-suelo-rustico-fue-el-eje-central-del-iii-congreso-iberico-de-fincas-rusticas\/"]}]},{"@type":"BreadcrumbList","@id":"https:\/\/fincalista.com\/blog\/la-inversion-en-suelo-rustico-fue-el-eje-central-del-iii-congreso-iberico-de-fincas-rusticas\/#breadcrumb","itemListElement":[{"@type":"ListItem","position":1,"name":"Portada","item":"https:\/\/fincalista.com\/blog\/"},{"@type":"ListItem","position":2,"name":"La inversi\u00f3n en suelo r\u00fastico fue el eje central del III Congreso Ib\u00e9rico de Fincas R\u00fasticas (CIFIR)."}]},{"@type":"WebSite","@id":"https:\/\/fincalista.com\/blog\/#website","url":"https:\/\/fincalista.com\/blog\/","name":"Fincalista","description":"Fincas r\u00fasticas en venta en Espa\u00f1a y Portugal","publisher":{"@id":"https:\/\/fincalista.com\/blog\/#organization"},"potentialAction":[{"@type":"SearchAction","target":{"@type":"EntryPoint","urlTemplate":"https:\/\/fincalista.com\/blog\/?s={search_term_string}"},"query-input":"required name=search_term_string"}],"inLanguage":"es"},{"@type":"Organization","@id":"https:\/\/fincalista.com\/blog\/#organization","name":"Fincalista","url":"https:\/\/fincalista.com\/blog\/","logo":{"@type":"ImageObject","inLanguage":"es","@id":"https:\/\/fincalista.com\/blog\/#\/schema\/logo\/image\/","url":"https:\/\/fincalista.com\/blog\/wp-content\/uploads\/2024\/01\/logo-fincalista-3.webp","contentUrl":"https:\/\/fincalista.com\/blog\/wp-content\/uploads\/2024\/01\/logo-fincalista-3.webp","width":230,"height":41,"caption":"Fincalista"},"image":{"@id":"https:\/\/fincalista.com\/blog\/#\/schema\/logo\/image\/"},"sameAs":["https:\/\/www.facebook.com\/fincalista\/","https:\/\/www.instagram.com\/fincalista\/","https:\/\/www.linkedin.com\/company\/fincalista\/"]},{"@type":"Person","@id":"https:\/\/fincalista.com\/blog\/#\/schema\/person\/81a9ceedaf24eb3c3283ad5ee6386743","name":"Virginia Molina","image":{"@type":"ImageObject","inLanguage":"es","@id":"https:\/\/fincalista.com\/blog\/#\/schema\/person\/image\/","url":"https:\/\/secure.gravatar.com\/avatar\/0005dfb333765be7ca4a782e37250d40?s=96&d=mm&r=g","contentUrl":"https:\/\/secure.gravatar.com\/avatar\/0005dfb333765be7ca4a782e37250d40?s=96&d=mm&r=g","caption":"Virginia Molina"},"url":"https:\/\/fincalista.com\/blog\/author\/virginiamolina\/"}]}},"_links":{"self":[{"href":"https:\/\/fincalista.com\/blog\/wp-json\/wp\/v2\/posts\/12727"}],"collection":[{"href":"https:\/\/fincalista.com\/blog\/wp-json\/wp\/v2\/posts"}],"about":[{"href":"https:\/\/fincalista.com\/blog\/wp-json\/wp\/v2\/types\/post"}],"author":[{"embeddable":true,"href":"https:\/\/fincalista.com\/blog\/wp-json\/wp\/v2\/users\/261"}],"replies":[{"embeddable":true,"href":"https:\/\/fincalista.com\/blog\/wp-json\/wp\/v2\/comments?post=12727"}],"version-history":[{"count":13,"href":"https:\/\/fincalista.com\/blog\/wp-json\/wp\/v2\/posts\/12727\/revisions"}],"predecessor-version":[{"id":12741,"href":"https:\/\/fincalista.com\/blog\/wp-json\/wp\/v2\/posts\/12727\/revisions\/12741"}],"wp:featuredmedia":[{"embeddable":true,"href":"https:\/\/fincalista.com\/blog\/wp-json\/wp\/v2\/media\/12732"}],"wp:attachment":[{"href":"https:\/\/fincalista.com\/blog\/wp-json\/wp\/v2\/media?parent=12727"}],"wp:term":[{"taxonomy":"category","embeddable":true,"href":"https:\/\/fincalista.com\/blog\/wp-json\/wp\/v2\/categories?post=12727"},{"taxonomy":"post_tag","embeddable":true,"href":"https:\/\/fincalista.com\/blog\/wp-json\/wp\/v2\/tags?post=12727"}],"curies":[{"name":"wp","href":"https:\/\/api.w.org\/{rel}","templated":true}]}}