{"id":12627,"date":"2024-11-26T16:11:58","date_gmt":"2024-11-26T15:11:58","guid":{"rendered":"https:\/\/fincalista.com\/blog\/?p=12627"},"modified":"2024-11-26T16:11:59","modified_gmt":"2024-11-26T15:11:59","slug":"sector-agricola-valenciano-dana","status":"publish","type":"post","link":"https:\/\/fincalista.com\/blog\/sector-agricola-valenciano-dana\/","title":{"rendered":"El sector agr\u00edcola valenciano sufre graves da\u00f1os por la DANA, especialmente en frutales y arrozales"},"content":{"rendered":"\n<ul>\n<li>Las p\u00e9rdidas en la producci\u00f3n de frutas y arroz podr\u00edan superar los 100 millones de euros.<\/li>\n<\/ul>\n\n\n\n<p><strong>La DANA deja en Valencia 47.376 hect\u00e1reas de terrenos agr\u00edcolas anegadas, lo que representa un<\/strong> <strong>89,2% de la superficie total afectada<\/strong> <strong>por la inundaci\u00f3n<\/strong>.<\/p>\n\n\n\n<p>La Depresi\u00f3n Aislada en Niveles Altos (DANA) que golpe\u00f3 el levante espa\u00f1ol el pasado 29 de octubre ha provocado un desastre sin precedentes en m\u00faltiples sectores, y uno de los m\u00e1s afectados es el agr\u00edcola. Las <strong>intensas lluvias y el desbordamiento de los r\u00edos Turia y J\u00facar<\/strong> han convertido grandes \u00e1reas de la llanura litoral valenciana en un paisaje inundado, arrasando campos y destruyendo cultivos.<\/p>\n\n\n\n<p><strong>Frutales y arrozales: las principales v\u00edctimas de la DANA<\/strong><\/p>\n\n\n\n<p>La llanura valenciana, atravesada por los r\u00edos J\u00facar y Turia, al igual que numerosos barrancos, ha sido cultivada durante siglos, con <strong>gran parte de sus tierras destinadas a frutales y arrozales<\/strong>. Estos cultivos, esenciales en la econom\u00eda agr\u00edcola de la regi\u00f3n, han sido los m\u00e1s perjudicados por las inundaciones.<\/p>\n\n\n\n<p><strong>De las hect\u00e1reas inundadas,<\/strong> <strong>22.557 corresponden a frutales<\/strong>. Las aguas, al permanecer encharcadas durante d\u00edas, han afectado al estado de salud de las plantaciones. Adem\u00e1s, los \u00e1rboles han sufrido da\u00f1os estructurales que podr\u00edan reducir significativamente la producci\u00f3n en los pr\u00f3ximos a\u00f1os.<\/p>\n\n\n\n<p>La situaci\u00f3n tambi\u00e9n es severa para otro de los pilares de la agricultura valenciana, los <strong>arrozales<\/strong>, con <strong>16.368 hect\u00e1reas de cultivo inundadas<\/strong>. Si bien el arrozal es un cultivo adaptado a situaciones de encharcamiento, los da\u00f1os estructurales han sido muy graves y afectar\u00e1n a la cosecha anual.<\/p>\n\n\n\n<figure class=\"wp-block-image\"><img decoding=\"async\" src=\"https:\/\/lh7-rt.googleusercontent.com\/docsz\/AD_4nXcxFThThAsGbN5xF--PqrASufYoZp_-QmE1yxiBxCkAyfGauflRg25oNByFu_OX_t2JJ4iysBmoQHOKtDUK72TukYrL7itOAUvemWd3jzm4fRezSCx68KUb4PF18UiFXCpjpm3ppalypSX6wuohgXI?key=BZRBaa27-IuAjkniilVfa9RT\" alt=\"Mapa\n\nDescripci\u00f3n generada autom\u00e1ticamente\"\/><\/figure>\n\n\n\n<p><strong>P\u00e9rdidas econ\u00f3micas y efectos a largo plazo<\/strong><\/p>\n\n\n\n<p>Las p\u00e9rdidas econ\u00f3micas para el sector agr\u00edcola son dif\u00edciles de calcular en este momento, pero las primeras estimaciones apuntan a cifras millonarias. <strong>La Asociaci\u00f3n Valenciana de Agricultores (AVA-ASAJA) ha alertado de que las p\u00e9rdidas en la producci\u00f3n de frutas y arroz podr\u00edan superar los<\/strong> <strong>100 millones de euros<\/strong>, sin contar con los costes adicionales para rehabilitar los terrenos y los sistemas de riego da\u00f1ados por la inundaci\u00f3n.<\/p>\n\n\n\n<p><strong>Ayudas del Gobierno para agricultores y ganaderos<\/strong><\/p>\n\n\n\n<p>El pasado lunes, el Gobierno aprob\u00f3<strong> ayudas directas para agricultores y ganaderos por valor de 200 millones de euros<\/strong>. Adem\u00e1s de estas ayudas, el Ejecutivo destinar\u00e1<strong> 170 millones de euros a la reparaci\u00f3n de da\u00f1os en parcelas, caminos rurales, estructuras de producci\u00f3n y sistemas de riego<\/strong>, a trav\u00e9s de la empresa p\u00fablica Tragsa. Asimismo, aprob\u00f3 una <strong>partida de 10 millones de euros para maquinaria agr\u00edcola<\/strong>, as\u00ed como<strong> una l\u00ednea de cr\u00e9ditos y avales ICO por valor de 60 millones<\/strong> para facilitar el acceso a la financiaci\u00f3n a agricultores y ganaderos.<\/p>\n","protected":false},"excerpt":{"rendered":"<p>La DANA deja en Valencia 47.376 hect\u00e1reas de terrenos agr\u00edcolas anegadas, lo que representa un 89,2% de la superficie total afectada por la inundaci\u00f3n. La Depresi\u00f3n Aislada en Niveles Altos (DANA) que golpe\u00f3 el levante espa\u00f1ol el pasado 29 de octubre ha provocado un desastre sin precedentes en m\u00faltiples sectores, y uno de los m\u00e1s <\/p>\n<div class=\"housey-read-more-link-wrap\"><a class=\"housey-read-more-link\" href=\"https:\/\/fincalista.com\/blog\/sector-agricola-valenciano-dana\/\">Read More<\/a><\/div>\n","protected":false},"author":261,"featured_media":12629,"comment_status":"open","ping_status":"open","sticky":false,"template":"","format":"standard","meta":{"_eb_attr":"","footnotes":""},"categories":[1],"tags":[],"yoast_head":"<!-- This site is optimized with the Yoast SEO plugin v21.8 - https:\/\/yoast.com\/wordpress\/plugins\/seo\/ -->\n<title>El sector agr\u00edcola valenciano sufre graves da\u00f1os por la DANA, especialmente en frutales y arrozales - Fincalista<\/title>\n<meta name=\"description\" content=\"La DANA deja en Valencia 47.376 hect\u00e1reas de terrenos agr\u00edcolas anegadas, lo que representa un 89,2% de la superficie total afectada por la inundaci\u00f3n.\" \/>\n<meta name=\"robots\" content=\"index, follow, max-snippet:-1, max-image-preview:large, max-video-preview:-1\" \/>\n<link rel=\"canonical\" href=\"https:\/\/fincalista.com\/blog\/sector-agricola-valenciano-dana\/\" \/>\n<meta property=\"og:locale\" content=\"es_ES\" \/>\n<meta property=\"og:type\" content=\"article\" \/>\n<meta property=\"og:title\" content=\"El sector agr\u00edcola valenciano sufre graves da\u00f1os por la DANA, especialmente en frutales y arrozales - Fincalista\" \/>\n<meta property=\"og:description\" content=\"La DANA deja en Valencia 47.376 hect\u00e1reas de terrenos agr\u00edcolas anegadas, lo que representa un 89,2% de la superficie total afectada por la inundaci\u00f3n.\" \/>\n<meta property=\"og:url\" content=\"https:\/\/fincalista.com\/blog\/sector-agricola-valenciano-dana\/\" \/>\n<meta property=\"og:site_name\" content=\"Fincalista\" \/>\n<meta property=\"article:publisher\" content=\"https:\/\/www.facebook.com\/fincalista\/\" \/>\n<meta property=\"article:published_time\" content=\"2024-11-26T15:11:58+00:00\" \/>\n<meta property=\"article:modified_time\" content=\"2024-11-26T15:11:59+00:00\" \/>\n<meta property=\"og:image\" content=\"https:\/\/fincalista.com\/blog\/wp-content\/uploads\/2024\/11\/DANA-Valencia.png\" \/>\n\t<meta property=\"og:image:width\" content=\"1600\" \/>\n\t<meta property=\"og:image:height\" content=\"1131\" \/>\n\t<meta property=\"og:image:type\" content=\"image\/png\" \/>\n<meta name=\"author\" content=\"Virginia Molina\" \/>\n<meta name=\"twitter:card\" content=\"summary_large_image\" \/>\n<meta name=\"twitter:label1\" content=\"Escrito por\" \/>\n\t<meta name=\"twitter:data1\" content=\"Virginia Molina\" \/>\n\t<meta name=\"twitter:label2\" content=\"Tiempo de lectura\" \/>\n\t<meta name=\"twitter:data2\" content=\"3 minutos\" \/>\n<script type=\"application\/ld+json\" class=\"yoast-schema-graph\">{\"@context\":\"https:\/\/schema.org\",\"@graph\":[{\"@type\":\"Article\",\"@id\":\"https:\/\/fincalista.com\/blog\/sector-agricola-valenciano-dana\/#article\",\"isPartOf\":{\"@id\":\"https:\/\/fincalista.com\/blog\/sector-agricola-valenciano-dana\/\"},\"author\":{\"name\":\"Virginia Molina\",\"@id\":\"https:\/\/fincalista.com\/blog\/#\/schema\/person\/81a9ceedaf24eb3c3283ad5ee6386743\"},\"headline\":\"El sector agr\u00edcola valenciano sufre graves da\u00f1os por la DANA, especialmente en frutales y arrozales\",\"datePublished\":\"2024-11-26T15:11:58+00:00\",\"dateModified\":\"2024-11-26T15:11:59+00:00\",\"mainEntityOfPage\":{\"@id\":\"https:\/\/fincalista.com\/blog\/sector-agricola-valenciano-dana\/\"},\"wordCount\":483,\"commentCount\":0,\"publisher\":{\"@id\":\"https:\/\/fincalista.com\/blog\/#organization\"},\"articleSection\":[\"Noticias\"],\"inLanguage\":\"es\",\"potentialAction\":[{\"@type\":\"CommentAction\",\"name\":\"Comment\",\"target\":[\"https:\/\/fincalista.com\/blog\/sector-agricola-valenciano-dana\/#respond\"]}]},{\"@type\":\"WebPage\",\"@id\":\"https:\/\/fincalista.com\/blog\/sector-agricola-valenciano-dana\/\",\"url\":\"https:\/\/fincalista.com\/blog\/sector-agricola-valenciano-dana\/\",\"name\":\"El sector agr\u00edcola valenciano sufre graves da\u00f1os por la DANA, especialmente en frutales y arrozales - Fincalista\",\"isPartOf\":{\"@id\":\"https:\/\/fincalista.com\/blog\/#website\"},\"datePublished\":\"2024-11-26T15:11:58+00:00\",\"dateModified\":\"2024-11-26T15:11:59+00:00\",\"description\":\"La DANA deja en Valencia 47.376 hect\u00e1reas de terrenos agr\u00edcolas anegadas, lo que representa un 89,2% de la superficie total afectada por la inundaci\u00f3n.\",\"breadcrumb\":{\"@id\":\"https:\/\/fincalista.com\/blog\/sector-agricola-valenciano-dana\/#breadcrumb\"},\"inLanguage\":\"es\",\"potentialAction\":[{\"@type\":\"ReadAction\",\"target\":[\"https:\/\/fincalista.com\/blog\/sector-agricola-valenciano-dana\/\"]}]},{\"@type\":\"BreadcrumbList\",\"@id\":\"https:\/\/fincalista.com\/blog\/sector-agricola-valenciano-dana\/#breadcrumb\",\"itemListElement\":[{\"@type\":\"ListItem\",\"position\":1,\"name\":\"Portada\",\"item\":\"https:\/\/fincalista.com\/blog\/\"},{\"@type\":\"ListItem\",\"position\":2,\"name\":\"El sector agr\u00edcola valenciano sufre graves da\u00f1os por la DANA, especialmente en frutales y arrozales\"}]},{\"@type\":\"WebSite\",\"@id\":\"https:\/\/fincalista.com\/blog\/#website\",\"url\":\"https:\/\/fincalista.com\/blog\/\",\"name\":\"Fincalista\",\"description\":\"Fincas r\u00fasticas en venta en Espa\u00f1a y Portugal\",\"publisher\":{\"@id\":\"https:\/\/fincalista.com\/blog\/#organization\"},\"potentialAction\":[{\"@type\":\"SearchAction\",\"target\":{\"@type\":\"EntryPoint\",\"urlTemplate\":\"https:\/\/fincalista.com\/blog\/?s={search_term_string}\"},\"query-input\":\"required name=search_term_string\"}],\"inLanguage\":\"es\"},{\"@type\":\"Organization\",\"@id\":\"https:\/\/fincalista.com\/blog\/#organization\",\"name\":\"Fincalista\",\"url\":\"https:\/\/fincalista.com\/blog\/\",\"logo\":{\"@type\":\"ImageObject\",\"inLanguage\":\"es\",\"@id\":\"https:\/\/fincalista.com\/blog\/#\/schema\/logo\/image\/\",\"url\":\"https:\/\/fincalista.com\/blog\/wp-content\/uploads\/2024\/01\/logo-fincalista-3.webp\",\"contentUrl\":\"https:\/\/fincalista.com\/blog\/wp-content\/uploads\/2024\/01\/logo-fincalista-3.webp\",\"width\":230,\"height\":41,\"caption\":\"Fincalista\"},\"image\":{\"@id\":\"https:\/\/fincalista.com\/blog\/#\/schema\/logo\/image\/\"},\"sameAs\":[\"https:\/\/www.facebook.com\/fincalista\/\",\"https:\/\/www.instagram.com\/fincalista\/\",\"https:\/\/www.linkedin.com\/company\/fincalista\/\"]},{\"@type\":\"Person\",\"@id\":\"https:\/\/fincalista.com\/blog\/#\/schema\/person\/81a9ceedaf24eb3c3283ad5ee6386743\",\"name\":\"Virginia Molina\",\"image\":{\"@type\":\"ImageObject\",\"inLanguage\":\"es\",\"@id\":\"https:\/\/fincalista.com\/blog\/#\/schema\/person\/image\/\",\"url\":\"https:\/\/secure.gravatar.com\/avatar\/0005dfb333765be7ca4a782e37250d40?s=96&d=mm&r=g\",\"contentUrl\":\"https:\/\/secure.gravatar.com\/avatar\/0005dfb333765be7ca4a782e37250d40?s=96&d=mm&r=g\",\"caption\":\"Virginia Molina\"},\"url\":\"https:\/\/fincalista.com\/blog\/author\/virginiamolina\/\"}]}<\/script>\n<!-- \/ Yoast SEO plugin. -->","yoast_head_json":{"title":"El sector agr\u00edcola valenciano sufre graves da\u00f1os por la DANA, especialmente en frutales y arrozales - Fincalista","description":"La DANA deja en Valencia 47.376 hect\u00e1reas de terrenos agr\u00edcolas anegadas, lo que representa un 89,2% de la superficie total afectada por la inundaci\u00f3n.","robots":{"index":"index","follow":"follow","max-snippet":"max-snippet:-1","max-image-preview":"max-image-preview:large","max-video-preview":"max-video-preview:-1"},"canonical":"https:\/\/fincalista.com\/blog\/sector-agricola-valenciano-dana\/","og_locale":"es_ES","og_type":"article","og_title":"El sector agr\u00edcola valenciano sufre graves da\u00f1os por la DANA, especialmente en frutales y arrozales - Fincalista","og_description":"La DANA deja en Valencia 47.376 hect\u00e1reas de terrenos agr\u00edcolas anegadas, lo que representa un 89,2% de la superficie total afectada por la inundaci\u00f3n.","og_url":"https:\/\/fincalista.com\/blog\/sector-agricola-valenciano-dana\/","og_site_name":"Fincalista","article_publisher":"https:\/\/www.facebook.com\/fincalista\/","article_published_time":"2024-11-26T15:11:58+00:00","article_modified_time":"2024-11-26T15:11:59+00:00","og_image":[{"width":1600,"height":1131,"url":"https:\/\/fincalista.com\/blog\/wp-content\/uploads\/2024\/11\/DANA-Valencia.png","type":"image\/png"}],"author":"Virginia Molina","twitter_card":"summary_large_image","twitter_misc":{"Escrito por":"Virginia Molina","Tiempo de lectura":"3 minutos"},"schema":{"@context":"https:\/\/schema.org","@graph":[{"@type":"Article","@id":"https:\/\/fincalista.com\/blog\/sector-agricola-valenciano-dana\/#article","isPartOf":{"@id":"https:\/\/fincalista.com\/blog\/sector-agricola-valenciano-dana\/"},"author":{"name":"Virginia Molina","@id":"https:\/\/fincalista.com\/blog\/#\/schema\/person\/81a9ceedaf24eb3c3283ad5ee6386743"},"headline":"El sector agr\u00edcola valenciano sufre graves da\u00f1os por la DANA, especialmente en frutales y arrozales","datePublished":"2024-11-26T15:11:58+00:00","dateModified":"2024-11-26T15:11:59+00:00","mainEntityOfPage":{"@id":"https:\/\/fincalista.com\/blog\/sector-agricola-valenciano-dana\/"},"wordCount":483,"commentCount":0,"publisher":{"@id":"https:\/\/fincalista.com\/blog\/#organization"},"articleSection":["Noticias"],"inLanguage":"es","potentialAction":[{"@type":"CommentAction","name":"Comment","target":["https:\/\/fincalista.com\/blog\/sector-agricola-valenciano-dana\/#respond"]}]},{"@type":"WebPage","@id":"https:\/\/fincalista.com\/blog\/sector-agricola-valenciano-dana\/","url":"https:\/\/fincalista.com\/blog\/sector-agricola-valenciano-dana\/","name":"El sector agr\u00edcola valenciano sufre graves da\u00f1os por la DANA, especialmente en frutales y arrozales - Fincalista","isPartOf":{"@id":"https:\/\/fincalista.com\/blog\/#website"},"datePublished":"2024-11-26T15:11:58+00:00","dateModified":"2024-11-26T15:11:59+00:00","description":"La DANA deja en Valencia 47.376 hect\u00e1reas de terrenos agr\u00edcolas anegadas, lo que representa un 89,2% de la superficie total afectada por la inundaci\u00f3n.","breadcrumb":{"@id":"https:\/\/fincalista.com\/blog\/sector-agricola-valenciano-dana\/#breadcrumb"},"inLanguage":"es","potentialAction":[{"@type":"ReadAction","target":["https:\/\/fincalista.com\/blog\/sector-agricola-valenciano-dana\/"]}]},{"@type":"BreadcrumbList","@id":"https:\/\/fincalista.com\/blog\/sector-agricola-valenciano-dana\/#breadcrumb","itemListElement":[{"@type":"ListItem","position":1,"name":"Portada","item":"https:\/\/fincalista.com\/blog\/"},{"@type":"ListItem","position":2,"name":"El sector agr\u00edcola valenciano sufre graves da\u00f1os por la DANA, especialmente en frutales y arrozales"}]},{"@type":"WebSite","@id":"https:\/\/fincalista.com\/blog\/#website","url":"https:\/\/fincalista.com\/blog\/","name":"Fincalista","description":"Fincas r\u00fasticas en venta en Espa\u00f1a y Portugal","publisher":{"@id":"https:\/\/fincalista.com\/blog\/#organization"},"potentialAction":[{"@type":"SearchAction","target":{"@type":"EntryPoint","urlTemplate":"https:\/\/fincalista.com\/blog\/?s={search_term_string}"},"query-input":"required name=search_term_string"}],"inLanguage":"es"},{"@type":"Organization","@id":"https:\/\/fincalista.com\/blog\/#organization","name":"Fincalista","url":"https:\/\/fincalista.com\/blog\/","logo":{"@type":"ImageObject","inLanguage":"es","@id":"https:\/\/fincalista.com\/blog\/#\/schema\/logo\/image\/","url":"https:\/\/fincalista.com\/blog\/wp-content\/uploads\/2024\/01\/logo-fincalista-3.webp","contentUrl":"https:\/\/fincalista.com\/blog\/wp-content\/uploads\/2024\/01\/logo-fincalista-3.webp","width":230,"height":41,"caption":"Fincalista"},"image":{"@id":"https:\/\/fincalista.com\/blog\/#\/schema\/logo\/image\/"},"sameAs":["https:\/\/www.facebook.com\/fincalista\/","https:\/\/www.instagram.com\/fincalista\/","https:\/\/www.linkedin.com\/company\/fincalista\/"]},{"@type":"Person","@id":"https:\/\/fincalista.com\/blog\/#\/schema\/person\/81a9ceedaf24eb3c3283ad5ee6386743","name":"Virginia Molina","image":{"@type":"ImageObject","inLanguage":"es","@id":"https:\/\/fincalista.com\/blog\/#\/schema\/person\/image\/","url":"https:\/\/secure.gravatar.com\/avatar\/0005dfb333765be7ca4a782e37250d40?s=96&d=mm&r=g","contentUrl":"https:\/\/secure.gravatar.com\/avatar\/0005dfb333765be7ca4a782e37250d40?s=96&d=mm&r=g","caption":"Virginia Molina"},"url":"https:\/\/fincalista.com\/blog\/author\/virginiamolina\/"}]}},"_links":{"self":[{"href":"https:\/\/fincalista.com\/blog\/wp-json\/wp\/v2\/posts\/12627"}],"collection":[{"href":"https:\/\/fincalista.com\/blog\/wp-json\/wp\/v2\/posts"}],"about":[{"href":"https:\/\/fincalista.com\/blog\/wp-json\/wp\/v2\/types\/post"}],"author":[{"embeddable":true,"href":"https:\/\/fincalista.com\/blog\/wp-json\/wp\/v2\/users\/261"}],"replies":[{"embeddable":true,"href":"https:\/\/fincalista.com\/blog\/wp-json\/wp\/v2\/comments?post=12627"}],"version-history":[{"count":2,"href":"https:\/\/fincalista.com\/blog\/wp-json\/wp\/v2\/posts\/12627\/revisions"}],"predecessor-version":[{"id":12630,"href":"https:\/\/fincalista.com\/blog\/wp-json\/wp\/v2\/posts\/12627\/revisions\/12630"}],"wp:featuredmedia":[{"embeddable":true,"href":"https:\/\/fincalista.com\/blog\/wp-json\/wp\/v2\/media\/12629"}],"wp:attachment":[{"href":"https:\/\/fincalista.com\/blog\/wp-json\/wp\/v2\/media?parent=12627"}],"wp:term":[{"taxonomy":"category","embeddable":true,"href":"https:\/\/fincalista.com\/blog\/wp-json\/wp\/v2\/categories?post=12627"},{"taxonomy":"post_tag","embeddable":true,"href":"https:\/\/fincalista.com\/blog\/wp-json\/wp\/v2\/tags?post=12627"}],"curies":[{"name":"wp","href":"https:\/\/api.w.org\/{rel}","templated":true}]}}